{"id":186613,"date":"2025-12-13T13:16:16","date_gmt":"2025-12-13T13:16:16","guid":{"rendered":"https:\/\/www.europesays.com\/pt\/186613\/"},"modified":"2025-12-13T13:16:16","modified_gmt":"2025-12-13T13:16:16","slug":"prefeitura-de-maceio-vigilancia-sanitaria-orienta-sobre-cuidados","status":"publish","type":"post","link":"https:\/\/www.europesays.com\/pt\/186613\/","title":{"rendered":"Prefeitura de Macei\u00f3 | Vigil\u00e2ncia Sanit\u00e1ria orienta sobre cuidados\u2026"},"content":{"rendered":"<p class=\"text-justify\">Com a proximidade do ver\u00e3o e das altas temperaturas, a Vigil\u00e2ncia Sanit\u00e1ria de Macei\u00f3 (Visa) orienta a popula\u00e7\u00e3o sobre a import\u00e2ncia de redobrar os cuidados com a manipula\u00e7\u00e3o, armazenamento e consumo de alimentos nesta \u00e9poca do ano. O calor favorece a prolifera\u00e7\u00e3o de bact\u00e9rias e outros microrganismos que podem causar intoxica\u00e7\u00f5es alimentares, tornando essencial que a popula\u00e7\u00e3o esteja atenta a pr\u00e1ticas seguras ao consumir alimentos na rua.<\/p>\n<p class=\"text-justify\">Para tanto, o \u00f3rg\u00e3o municipal est\u00e1 iniciando mais uma vez as a\u00e7\u00f5es do projeto \u201cDe Olho Vivo no Ver\u00e3o\u201d, com o intuito de intensificar as fiscaliza\u00e7\u00f5es e orienta\u00e7\u00f5es educativas com distribui\u00e7\u00e3o de panfletos para empres\u00e1rios, ambulantes e consumidores, garantindo que as normas de seguran\u00e7a alimentar sejam cumpridas.\u00a0<\/p>\n<p class=\"text-justify\">\u201c\u00c9 importante que todos os empres\u00e1rios do ramo aliment\u00edcio ofere\u00e7am aos seus clientes produtos de qualidade. Os consumidores, ao se dirigirem a um estabelecimento que ofere\u00e7a alimento, precisam verificar higieniza\u00e7\u00e3o, armazenamento, refrigera\u00e7\u00e3o e o uso dos EPIs de todos os funcion\u00e1rios\u201d, destaca o chefe especial da Visa, Airton Santos.<\/p>\n<p class=\"text-justify\">Ele ainda ressalta o papel da Vigil\u00e2ncia Sanit\u00e1ria, que n\u00e3o consiste em punir estabelecimentos, mas sim de orient\u00e1-los a fornecer produtos de qualidade para dar uma seguran\u00e7a alimentar aos consumidores. \u201cNosso papel \u00e9 fiscalizar, orientar e cobrar para que esses locais ofere\u00e7am um produto de qualidade aos nossos consumidores,\u00a0 prevenindo riscos e assegurando um ver\u00e3o mais seguro e saud\u00e1vel para toda a popula\u00e7\u00e3o\u201d, acrescenta.<\/p>\n<p>Fiscais da Visa intensificam as fiscaliza\u00e7\u00f5es durante o ver\u00e3o para garantir a qualidade dos alimentos. Fotos: Cortesia<\/p>\n<p class=\"text-justify\"><strong>De Olho Vivo no Ver\u00e3o<\/strong><\/p>\n<p class=\"text-justify\">&#8220;De Olho Vivo no Ver\u00e3o&#8221; \u00e9 um projeto da Vigil\u00e2ncia Sanit\u00e1ria de Macei\u00f3 (Visa) para garantir a seguran\u00e7a alimentar de moradores e turistas durante a alta temporada, focando na fiscaliza\u00e7\u00e3o educativa e orienta\u00e7\u00e3o de ambulantes e estabelecimentos sobre higiene, armazenamento e manipula\u00e7\u00e3o de alimentos, especialmente perec\u00edveis, com a\u00e7\u00f5es na orla e pontos tur\u00edsticos para evitar riscos \u00e0 sa\u00fade.\u00a0<\/p>\n<p class=\"text-justify\">Nesta \u00e9poca do ano, as fiscaliza\u00e7\u00f5es ir\u00e3o ocorrer diariamente na orla mar\u00edtima e tamb\u00e9m em outras regi\u00f5es da parte baixa e alta da cidade.<\/p>\n<p class=\"text-justify\"><strong>Como denunciar irregularidades\u00a0<\/strong><\/p>\n<p class=\"text-justify\">Ao constatar, em qualquer estabelecimento, irregularidades que causam riscos \u00e0 sa\u00fade da popula\u00e7\u00e3o, entre em contato com a Visa de Macei\u00f3 pelo telefone (82) 3312-5496, de segunda a sexta-feira, das 7h \u00e0s 13h; ou pelo WhatsApp (82) 98752-2000, que funciona 24 horas, todos os dias. As den\u00fancias s\u00e3o an\u00f4nimas, garantindo o sigilo do denunciante.<\/p>\n<p><a href=\"https:\/\/maceio.al.gov.br\/secretarias-e-orgaos\/sms\" rel=\"nofollow noopener\" target=\"_blank\">SMS<\/a>Secretaria Municipal de Sa\u00fade<\/p>\n<p>Rua Dias Cabral, 569 &#8211; Centro<br \/>CEP 57020-250 \/\/ Telefone: 82 3312-5400<br \/>Hor\u00e1rio de atendimento: segunda a sexta, de 8h \u00e0s 14h.<\/p>\n","protected":false},"excerpt":{"rendered":"Com a proximidade do ver\u00e3o e das altas temperaturas, a Vigil\u00e2ncia Sanit\u00e1ria de Macei\u00f3 (Visa) orienta a popula\u00e7\u00e3o&hellip;\n","protected":false},"author":2,"featured_media":186614,"comment_status":"","ping_status":"","sticky":false,"template":"","format":"standard","meta":{"footnotes":""},"categories":[86],"tags":[37881,116,37882,32,33,117,9497,37880],"class_list":{"0":"post-186613","1":"post","2":"type-post","3":"status-publish","4":"format-standard","5":"has-post-thumbnail","7":"category-saude","8":"tag-de-olho-vivo-no-verao","9":"tag-health","10":"tag-normas-sanitarias","11":"tag-portugal","12":"tag-pt","13":"tag-saude","14":"tag-seguranca-alimentar","15":"tag-vigilancia-sanitaria-de-maceio"},"share_on_mastodon":{"url":"https:\/\/pubeurope.com\/@pt\/115712451098020042","error":""},"_links":{"self":[{"href":"https:\/\/www.europesays.com\/pt\/wp-json\/wp\/v2\/posts\/186613","targetHints":{"allow":["GET"]}}],"collection":[{"href":"https:\/\/www.europesays.com\/pt\/wp-json\/wp\/v2\/posts"}],"about":[{"href":"https:\/\/www.europesays.com\/pt\/wp-json\/wp\/v2\/types\/post"}],"author":[{"embeddable":true,"href":"https:\/\/www.europesays.com\/pt\/wp-json\/wp\/v2\/users\/2"}],"replies":[{"embeddable":true,"href":"https:\/\/www.europesays.com\/pt\/wp-json\/wp\/v2\/comments?post=186613"}],"version-history":[{"count":0,"href":"https:\/\/www.europesays.com\/pt\/wp-json\/wp\/v2\/posts\/186613\/revisions"}],"wp:featuredmedia":[{"embeddable":true,"href":"https:\/\/www.europesays.com\/pt\/wp-json\/wp\/v2\/media\/186614"}],"wp:attachment":[{"href":"https:\/\/www.europesays.com\/pt\/wp-json\/wp\/v2\/media?parent=186613"}],"wp:term":[{"taxonomy":"category","embeddable":true,"href":"https:\/\/www.europesays.com\/pt\/wp-json\/wp\/v2\/categories?post=186613"},{"taxonomy":"post_tag","embeddable":true,"href":"https:\/\/www.europesays.com\/pt\/wp-json\/wp\/v2\/tags?post=186613"}],"curies":[{"name":"wp","href":"https:\/\/api.w.org\/{rel}","templated":true}]}}