{"id":186619,"date":"2025-12-13T13:25:11","date_gmt":"2025-12-13T13:25:11","guid":{"rendered":"https:\/\/www.europesays.com\/pt\/186619\/"},"modified":"2025-12-13T13:25:11","modified_gmt":"2025-12-13T13:25:11","slug":"redes-sociais-fizeram-soar-alarme-apos-sismo-sentido-no-norte-e-centro","status":"publish","type":"post","link":"https:\/\/www.europesays.com\/pt\/186619\/","title":{"rendered":"Redes sociais fizeram soar alarme ap\u00f3s sismo sentido no Norte e Centro"},"content":{"rendered":"<p data-remotead-prev-elm=\"true\" data-remotead-elm-id=\"inread\">Em declara\u00e7\u00f5es \u00e0 RTP, o comandante dos Bombeiros de Celorico da Beira, Carlos Almeida, explicou que os contactos feitos para a corpora\u00e7\u00e3o resultaram da tentativa da popula\u00e7\u00e3o de &#8220;se inteirar do que se estava a passar&#8221;. &#8220;O alarme foi potenciado por aquilo que as pessoas come\u00e7aram a ler nas redes sociais. Numa primeira fase, aperceberam-se de um barulho e pensaram que seria um cami\u00e3o ou algo do g\u00e9nero. Quando confirmaram que tinha ocorrido um sismo, tentaram perceber qual a sua magnitude e se havia medidas preventivas a adotar&#8221;, referiu.<\/p>\n<p>Segundo o comandante, a rea\u00e7\u00e3o foi ainda potenciada pelo car\u00e1cter pouco habitual deste tipo de ocorr\u00eancia na regi\u00e3o. &#8220;N\u00e3o \u00e9 comum haver sismos nesta zona&#8221;, sublinhou, acrescentando que n\u00e3o h\u00e1 registo de feridos nem de danos materiais.<\/p>\n<p>Questionado sobre os kits de emerg\u00eancia &#8211; tema que ganhou destaque durante o apag\u00e3o registado em abril &#8211; Carlos Almeida considerou que, em zonas com baixa probabilidade s\u00edsmica, estes podem contribuir para alarmar a popula\u00e7\u00e3o. &#8220;Quem puder ter o kit, que o tenha, evidentemente&#8221;, ressalvou, explicando que o mesmo deve incluir um telem\u00f3vel, uma bateria suplente, um r\u00e1dio port\u00e1til, uma lanterna e \u00e1gua.<\/p>\n<p>J\u00e1 o presidente da C\u00e2mara Municipal de Celorico da Beira, Carlos Ascens\u00e3o, s\u00f3 teve conhecimento do sismo atrav\u00e9s do comandante dos bombeiros, uma vez que n\u00e3o se encontrava na regi\u00e3o no momento da ocorr\u00eancia.<\/p>\n","protected":false},"excerpt":{"rendered":"Em declara\u00e7\u00f5es \u00e0 RTP, o comandante dos Bombeiros de Celorico da Beira, Carlos Almeida, explicou que os contactos&hellip;\n","protected":false},"author":2,"featured_media":186620,"comment_status":"","ping_status":"","sticky":false,"template":"","format":"standard","meta":{"footnotes":""},"categories":[10],"tags":[27,28,37827,15,16,14,25,26,21,22,619,12,13,19,20,32,23,24,33,349,17,18,29,30,31],"class_list":{"0":"post-186619","1":"post","2":"type-post","3":"status-publish","4":"format-standard","5":"has-post-thumbnail","7":"category-portugal","8":"tag-breaking-news","9":"tag-breakingnews","10":"tag-celorico-da-beira","11":"tag-featured-news","12":"tag-featurednews","13":"tag-headlines","14":"tag-latest-news","15":"tag-latestnews","16":"tag-main-news","17":"tag-mainnews","18":"tag-nacional","19":"tag-news","20":"tag-noticias","21":"tag-noticias-principais","22":"tag-noticiasprincipais","23":"tag-portugal","24":"tag-principais-noticias","25":"tag-principaisnoticias","26":"tag-pt","27":"tag-sismo","28":"tag-top-stories","29":"tag-topstories","30":"tag-ultimas","31":"tag-ultimas-noticias","32":"tag-ultimasnoticias"},"share_on_mastodon":{"url":"https:\/\/pubeurope.com\/@pt\/115712486796193552","error":""},"_links":{"self":[{"href":"https:\/\/www.europesays.com\/pt\/wp-json\/wp\/v2\/posts\/186619","targetHints":{"allow":["GET"]}}],"collection":[{"href":"https:\/\/www.europesays.com\/pt\/wp-json\/wp\/v2\/posts"}],"about":[{"href":"https:\/\/www.europesays.com\/pt\/wp-json\/wp\/v2\/types\/post"}],"author":[{"embeddable":true,"href":"https:\/\/www.europesays.com\/pt\/wp-json\/wp\/v2\/users\/2"}],"replies":[{"embeddable":true,"href":"https:\/\/www.europesays.com\/pt\/wp-json\/wp\/v2\/comments?post=186619"}],"version-history":[{"count":0,"href":"https:\/\/www.europesays.com\/pt\/wp-json\/wp\/v2\/posts\/186619\/revisions"}],"wp:featuredmedia":[{"embeddable":true,"href":"https:\/\/www.europesays.com\/pt\/wp-json\/wp\/v2\/media\/186620"}],"wp:attachment":[{"href":"https:\/\/www.europesays.com\/pt\/wp-json\/wp\/v2\/media?parent=186619"}],"wp:term":[{"taxonomy":"category","embeddable":true,"href":"https:\/\/www.europesays.com\/pt\/wp-json\/wp\/v2\/categories?post=186619"},{"taxonomy":"post_tag","embeddable":true,"href":"https:\/\/www.europesays.com\/pt\/wp-json\/wp\/v2\/tags?post=186619"}],"curies":[{"name":"wp","href":"https:\/\/api.w.org\/{rel}","templated":true}]}}