{"id":186627,"date":"2025-12-13T13:36:40","date_gmt":"2025-12-13T13:36:40","guid":{"rendered":"https:\/\/www.europesays.com\/pt\/186627\/"},"modified":"2025-12-13T13:36:40","modified_gmt":"2025-12-13T13:36:40","slug":"john-wick-da-escandinavia-heroi-imparavel-da-segunda-guerra-vai-te-deixar-frenetico-no-prime-video","status":"publish","type":"post","link":"https:\/\/www.europesays.com\/pt\/186627\/","title":{"rendered":"John Wick da Escandin\u00e1via: her\u00f3i impar\u00e1vel da Segunda Guerra vai te deixar fren\u00e9tico, no Prime Video"},"content":{"rendered":"<p>\u201cSisu \u2014 Uma Hist\u00f3ria de Determina\u00e7\u00e3o\u201d articula sua narrativa a partir de um per\u00edodo hist\u00f3rico marcado pelo desgaste absoluto: os meses finais da <a href=\"https:\/\/www.revistabula.com\/103886-5-livros-que-narram-historias-desconhecidas-da-segunda-guerra-mundial\/\" target=\"_blank\" rel=\"noreferrer noopener nofollow\">Segunda Guerra Mundial<\/a> na Lap\u00f4nia. Nesse cen\u00e1rio \u00e1rido, devastado por retirada alem\u00e3 e destrui\u00e7\u00e3o sistem\u00e1tica, Aatami Korpi, interpretado por Jorma Tommila, \u00e9 apresentado como um garimpeiro solit\u00e1rio que trabalha em sil\u00eancio, movido por um objetivo pragm\u00e1tico: extrair ouro suficiente para recome\u00e7ar a vida longe de qualquer resqu\u00edcio de conflito. A descoberta de uma quantidade significativa do metal altera o curso de sua jornada. A ambi\u00e7\u00e3o n\u00e3o aparece nele, mas nos soldados nazistas que cruzam seu caminho, liderados pelo oficial Bruno, interpretado por Aksel Hennie. A partir desse encontro, a narrativa assume o ritmo de persegui\u00e7\u00e3o cont\u00ednua, com cada decis\u00e3o ancorada na l\u00f3gica de sobreviv\u00eancia e na preserva\u00e7\u00e3o do que Aatami conquistou com esfor\u00e7o extremo.<\/p>\n<p>A constru\u00e7\u00e3o do protagonista como for\u00e7a impar\u00e1vel<\/p>\n<p>A figura de Aatami \u00e9 constru\u00edda com m\u00ednima verbaliza\u00e7\u00e3o e m\u00e1xima a\u00e7\u00e3o. Sua trajet\u00f3ria anterior como combatente de elite \u00e9 insinuada de modo seco, sem sentimentalismo ou ornamenta\u00e7\u00e3o, refor\u00e7ando a percep\u00e7\u00e3o de que ele carrega um passado cuja brutalidade se refletiu na maneira meticulosa com que calcula cada movimento. Tommila interpreta o personagem como algu\u00e9m moldado pela repeti\u00e7\u00e3o de perdas, o que torna coerente sua rea\u00e7\u00e3o imediata diante da amea\u00e7a. O filme utiliza esse ponto para organizar sequ\u00eancias que exploram tanto habilidade quanto resist\u00eancia, mesmo quando os limites da verossimilhan\u00e7a s\u00e3o ultrapassados. Esse excesso n\u00e3o \u00e9 colocado como falha estrutural, mas como decis\u00e3o est\u00e9tica de Helander, que opta por elevar o protagonista a uma condi\u00e7\u00e3o quase m\u00edtica sem desconect\u00e1-lo totalmente de sua origem humana. A viol\u00eancia, embora amplificada, conserva um sentido funcional: evidencia o contraste entre um indiv\u00edduo com objetivo definido e um grupo que opera exclusivamente pela l\u00f3gica predat\u00f3ria da guerra.<\/p>\n<p>A din\u00e2mica entre for\u00e7a, territ\u00f3rio e desintegra\u00e7\u00e3o<\/p>\n<p>O percurso f\u00edsico que Aatami realiza atravessando p\u00e2ntanos, ru\u00ednas e estradas destru\u00eddas funciona como demonstra\u00e7\u00e3o do desgaste estrutural da regi\u00e3o. Helander utiliza a travessia como met\u00e1fora de um pa\u00eds exaurido, e isso se torna claro quando as prisioneiras finlandesas, interpretadas por Mimosa Willamo e outras atrizes, surgem como contraponto \u00e0 viol\u00eancia autorit\u00e1ria do pelot\u00e3o nazista. A colabora\u00e7\u00e3o pontual delas com Aatami refor\u00e7a a leitura de que a guerra fraturou qualquer projeto coletivo, deixando apenas alian\u00e7as moment\u00e2neas voltadas \u00e0 autopreserva\u00e7\u00e3o. Bruno, por sua vez, \u00e9 constru\u00eddo como antagonista cujo interesse n\u00e3o ultrapassa a obten\u00e7\u00e3o do ouro; sua cumplicidade com a barb\u00e1rie \u00e9 evidente, mas sempre subordinada \u00e0 ambi\u00e7\u00e3o pessoal, o que torna o confronto entre os dois menos ideol\u00f3gico e mais vinculado \u00e0 disputa por autonomia. A estrutura dividida em cap\u00edtulos acentua o car\u00e1ter progressivo da viol\u00eancia, enquanto o desfecho, marcado por uma \u00faltima confronta\u00e7\u00e3o a\u00e9rea, sintetiza a l\u00f3gica que conduz todo o filme: quem se mant\u00e9m de p\u00e9 no fim \u00e9 quem encontra sentido concreto na pr\u00f3pria persist\u00eancia.<\/p>\n<p>Avalia\u00e7\u00e3o final<\/p>\n<p>\u201cSisu \u2014 Uma Hist\u00f3ria de Determina\u00e7\u00e3o\u201d opera dentro de um registro direto, evitando complexidades psicol\u00f3gicas e construindo sua for\u00e7a na clareza do conflito. Jalmari Helander conduz a narrativa com foco absoluto na a\u00e7\u00e3o, mas sem eliminar a dimens\u00e3o hist\u00f3rica que sustenta os personagens. A coer\u00eancia entre prop\u00f3sito, cen\u00e1rio e ritmo confere ao filme solidez suficiente para que seu exagero n\u00e3o se torne gratuito. A trajet\u00f3ria de Aatami n\u00e3o \u00e9 apresentada como jornada heroica, mas como consequ\u00eancia de uma exist\u00eancia de perdas cont\u00ednuas em um territ\u00f3rio destru\u00eddo pela guerra. O resultado \u00e9 uma experi\u00eancia que combina intensidade, consist\u00eancia narrativa e uma representa\u00e7\u00e3o crua da determina\u00e7\u00e3o individual diante da viol\u00eancia.<\/p>\n<p>\n<strong>Filme: <\/strong><br \/>\nSisu \u2014 Uma Hist\u00f3ria de Determina\u00e7\u00e3o<\/p>\n<p>\n<strong>Diretor: <\/strong><\/p>\n<p>Jalmari Helander                <\/p>\n<p>\n<strong>Ano: <\/strong><br \/>\n2022<\/p>\n<p>\n<strong>G\u00eanero: <\/strong><br \/>\nA\u00e7\u00e3o\/\u00c9pico\/Guerra\/Suspense<\/p>\n<p>\n<strong>Avalia\u00e7\u00e3o: <\/strong><\/p>\n<p>8\/10<br \/>\n1<br \/>\n1<\/p>\n<p>Fernando Machado<\/p>\n<p>\n\u2605\u2605\u2605\u2605\u2605\u2605\u2605\u2605\u2605\u2605<\/p>\n","protected":false},"excerpt":{"rendered":"\u201cSisu \u2014 Uma Hist\u00f3ria de Determina\u00e7\u00e3o\u201d articula sua narrativa a partir de um per\u00edodo hist\u00f3rico marcado pelo desgaste&hellip;\n","protected":false},"author":2,"featured_media":186628,"comment_status":"","ping_status":"","sticky":false,"template":"","format":"standard","meta":{"footnotes":""},"categories":[140],"tags":[937,114,115,147,148,146,32,33],"class_list":{"0":"post-186627","1":"post","2":"type-post","3":"status-publish","4":"format-standard","5":"has-post-thumbnail","7":"category-filmes","8":"tag-amazon-prime-video","9":"tag-entertainment","10":"tag-entretenimento","11":"tag-film","12":"tag-filmes","13":"tag-movies","14":"tag-portugal","15":"tag-pt"},"share_on_mastodon":{"url":"https:\/\/pubeurope.com\/@pt\/115712529759828597","error":""},"_links":{"self":[{"href":"https:\/\/www.europesays.com\/pt\/wp-json\/wp\/v2\/posts\/186627","targetHints":{"allow":["GET"]}}],"collection":[{"href":"https:\/\/www.europesays.com\/pt\/wp-json\/wp\/v2\/posts"}],"about":[{"href":"https:\/\/www.europesays.com\/pt\/wp-json\/wp\/v2\/types\/post"}],"author":[{"embeddable":true,"href":"https:\/\/www.europesays.com\/pt\/wp-json\/wp\/v2\/users\/2"}],"replies":[{"embeddable":true,"href":"https:\/\/www.europesays.com\/pt\/wp-json\/wp\/v2\/comments?post=186627"}],"version-history":[{"count":0,"href":"https:\/\/www.europesays.com\/pt\/wp-json\/wp\/v2\/posts\/186627\/revisions"}],"wp:featuredmedia":[{"embeddable":true,"href":"https:\/\/www.europesays.com\/pt\/wp-json\/wp\/v2\/media\/186628"}],"wp:attachment":[{"href":"https:\/\/www.europesays.com\/pt\/wp-json\/wp\/v2\/media?parent=186627"}],"wp:term":[{"taxonomy":"category","embeddable":true,"href":"https:\/\/www.europesays.com\/pt\/wp-json\/wp\/v2\/categories?post=186627"},{"taxonomy":"post_tag","embeddable":true,"href":"https:\/\/www.europesays.com\/pt\/wp-json\/wp\/v2\/tags?post=186627"}],"curies":[{"name":"wp","href":"https:\/\/api.w.org\/{rel}","templated":true}]}}