{"id":186635,"date":"2025-12-13T13:43:09","date_gmt":"2025-12-13T13:43:09","guid":{"rendered":"https:\/\/www.europesays.com\/pt\/186635\/"},"modified":"2025-12-13T13:43:09","modified_gmt":"2025-12-13T13:43:09","slug":"jd-vance-nao-tem-o-talento-politico-de-trump-observador","status":"publish","type":"post","link":"https:\/\/www.europesays.com\/pt\/186635\/","title":{"rendered":"&#8220;JD Vance n\u00e3o tem o talento pol\u00edtico de Trump&#8221; \u2013 Observador"},"content":{"rendered":"<p>\u201cN\u00e3o tenho nada a ver com o Projeto 2025.\u201d No debate frente \u00e0 advers\u00e1ria Kamala Harris, em 2024,\u00a0 o Presidente norte-americano, Donald Trump, garantia que n\u00e3o estava relacionado com este plano, uma esp\u00e9cie de guia para o ajudar a governar os Estados Unidos da Am\u00e9rica (EUA) quando regressasse \u00e0 Casa Branca. Durante a campanha eleitoral, o assunto foi um inc\u00f3modo para os republicanos. Feito pelo think tank\u00a0Heritage Foundation, o projeto desejava transformar os EUA num pa\u00eds crist\u00e3o, conservador e pretendia \u201crestaurar a fam\u00edlia como pe\u00e7a central da vida americana e proteger as crian\u00e7as\u201d.<\/p>\n<p>Ao longo do livro\u00a0O Plano (ed. Dom Quixote), o jornalista da revista norte-americana The Atlantic David A. Graham explica como \u00e9 que os autores do Projeto 2025 delinearam um programa em v\u00e1rias esferas para implementar assim que Donald Trump chegasse ao poder. Em entrevista ao Observador, o autor mostra-se \u201csurpreendido\u201d com a \u201crapidez\u201d com que muitas das ideias do Projeto 2025 foram j\u00e1 colocadas em pr\u00e1tica: \u201cConseguiram acumular mais poder para o Presidente. E essa \u00e9 a base para tudo o resto\u201d.<\/p>\n<p>        <img src=\"https:\/\/bordalo.observador.pt\/v2\/q:60\/rs:fill:560\/plain\/https:\/\/s3.observador.pt\/wp-content\/uploads\/2025\/11\/28204339\/o-plano-2-scaled.jpg\" alt=\"\" loading=\"lazy\" decoding=\"async\" class=\"alignnone\" onload=\"this.parentElement.classList.remove('spinner')\" onerror=\"this.parentElement.classList.remove('spinner')\"\/>    <\/p>\n<p>Os autores do Projeto 2025, um documento de 900 p\u00e1ginas publicado online em 2023, desejavam reestruturar o Governo norte-americano para conceder mais poder \u00e0 presid\u00eancia. Uma das formas de o fazer seria colocar em <strong>v\u00e1rios cargos p\u00fablicos<\/strong> aliados de Donald Trump.\u201dEst\u00e3o a promover e a contratar pessoas que s\u00e3o t\u00e3o extremamente competentes quanto leais. Mas a compet\u00eancia n\u00e3o \u00e9 o mais importante\u201d, relata David A. Graham. Assim, num ambiente politizado, praticamente n\u00e3o existem contrapoderes \u2014 e a agenda do Presidente \u00e9 colocada em pr\u00e1tica com mais facilidade.<\/p>\n<p>Ainda assim, o Projeto 2025 n\u00e3o \u00e9 um assunto popular nos Estados Unidos. E muitos dos seus autores, apesar de se aliarem a Donald Trump, n\u00e3o se reveem totalmente na pol\u00e9mica figura medi\u00e1tica do chefe de Estado. Mas isso n\u00e3o \u00e9 o mais importante, porque, com Trump, est\u00e3o a conseguir implementar a sua agenda: \u201cEnquanto forem conseguindo aquilo que querem nas quest\u00f5es de conservadorismo social, est\u00e3o dispostos a trabalhar com Trump, mesmo que n\u00e3o o aprovem a n\u00edvel pessoal\u201d, explica David A. Graham.<\/p>\n<p><strong>Tenho a impress\u00e3o de que este livro foi escrito no final de 2024 ou no in\u00edcio deste ano. Trump j\u00e1 est\u00e1 h\u00e1 quase um ano no poder. O Projeto 2025 j\u00e1 foi posto em pr\u00e1tica? Quanto?<br \/><\/strong>Acho que mais do que esperava inicialmente. Comecei a escrever este livro em dezembro de 2024 e acabei mesmo antes de Trump tomar posse. E depois perguntei-me: \u2018E se eles n\u00e3o colocarem [o Projeto 2025] em pr\u00e1tica? Ser\u00e1 que v\u00e3o descartar o meu livro?&#8217;\u201d. Mas depois fiquei muito surpreendido com a rapidez com que o fizeram. \u00c9 dif\u00edcil para mim quantificar, porque h\u00e1 tantas coisas pequenas e grandes em escalas distintas. Mas penso que eles conseguiram acumular mais poder para o Presidente. E essa \u00e9 a base para tudo o resto que eles querem fazer. Tiveram bastante sucesso nisso.<\/p>\n<p><strong>Tornaram Trump mais poderoso, ent\u00e3o. Em que \u00e1reas \u00e9 mais vis\u00edvel\u00a0esta implementa\u00e7\u00e3o do Projeto 2025?<br \/><\/strong>Acho que uma das coisas em que tiveram mais sucesso foi no despedimento de funcion\u00e1rios p\u00fablicos. Outra foi a aboli\u00e7\u00e3o de v\u00e1rias medidas relacionadas com a prote\u00e7\u00e3o ambiental. E penso que foram bem sucedidos em assumir o controlo de partes do Governo federal, usando o Departamento de Justi\u00e7a como ferramenta pol\u00edtica para isso ou assumindo o controlo de ag\u00eancias reguladoras.<\/p>\n<p><strong>Existem v\u00e1rios relatos de funcion\u00e1rios p\u00fablicos que t\u00eam sido despedidos. Considera que a compet\u00eancia e a meritocracia perderam valor para esta administra\u00e7\u00e3o? No livro explica que a lealdade pol\u00edtica agora \u00e9 mais valorizada\u2026<br \/><\/strong>Os criadores do Projeto 2025 t\u00eam a ideia de que uma das coisas em que erraram na primeira administra\u00e7\u00e3o Trump consistiu em terem pessoas cuja fidelidade era a um Governo funcional ou \u00e0 Constitui\u00e7\u00e3o e n\u00e3o a Trump. Agora, querem escolher pessoas que fundamentalmente s\u00e3o leais a Trump e que querem implementar a sua agenda. E acho que em muitos casos as pessoas que eles est\u00e3o a promover t\u00eam uma esp\u00e9cie de dupla lealdade \u2014 quer a Trump, quer ao Projeto 2025. Querem compet\u00eancia, mas n\u00e3o necessariamente uma administra\u00e7\u00e3o governamental competente. \u00c9 mais sobre implementar a agenda. Penso que est\u00e3o a promover e a contratar pessoas que s\u00e3o t\u00e3o extremamente competentes quanto leais. Mas a compet\u00eancia n\u00e3o \u00e9 o mais importante.<\/p>\n","protected":false},"excerpt":{"rendered":"\u201cN\u00e3o tenho nada a ver com o Projeto 2025.\u201d No debate frente \u00e0 advers\u00e1ria Kamala Harris, em 2024,\u00a0&hellip;\n","protected":false},"author":2,"featured_media":186636,"comment_status":"","ping_status":"","sticky":false,"template":"","format":"standard","meta":{"footnotes":""},"categories":[50],"tags":[624,27,28,623,15,16,14,25,26,21,22,62,12,13,19,20,6281,4497,23,24,17,18,29,30,31,63,64,65],"class_list":{"0":"post-186635","1":"post","2":"type-post","3":"status-publish","4":"format-standard","5":"has-post-thumbnail","7":"category-mundo","8":"tag-amu00e9rica","9":"tag-breaking-news","10":"tag-breakingnews","11":"tag-estados-unidos-da-amu00e9rica","12":"tag-featured-news","13":"tag-featurednews","14":"tag-headlines","15":"tag-latest-news","16":"tag-latestnews","17":"tag-main-news","18":"tag-mainnews","19":"tag-mundo","20":"tag-news","21":"tag-noticias","22":"tag-noticias-principais","23":"tag-noticiasprincipais","24":"tag-partido-republicano","25":"tag-presidente-trump","26":"tag-principais-noticias","27":"tag-principaisnoticias","28":"tag-top-stories","29":"tag-topstories","30":"tag-ultimas","31":"tag-ultimas-noticias","32":"tag-ultimasnoticias","33":"tag-world","34":"tag-world-news","35":"tag-worldnews"},"share_on_mastodon":{"url":"https:\/\/pubeurope.com\/@pt\/115712557785725414","error":""},"_links":{"self":[{"href":"https:\/\/www.europesays.com\/pt\/wp-json\/wp\/v2\/posts\/186635","targetHints":{"allow":["GET"]}}],"collection":[{"href":"https:\/\/www.europesays.com\/pt\/wp-json\/wp\/v2\/posts"}],"about":[{"href":"https:\/\/www.europesays.com\/pt\/wp-json\/wp\/v2\/types\/post"}],"author":[{"embeddable":true,"href":"https:\/\/www.europesays.com\/pt\/wp-json\/wp\/v2\/users\/2"}],"replies":[{"embeddable":true,"href":"https:\/\/www.europesays.com\/pt\/wp-json\/wp\/v2\/comments?post=186635"}],"version-history":[{"count":0,"href":"https:\/\/www.europesays.com\/pt\/wp-json\/wp\/v2\/posts\/186635\/revisions"}],"wp:featuredmedia":[{"embeddable":true,"href":"https:\/\/www.europesays.com\/pt\/wp-json\/wp\/v2\/media\/186636"}],"wp:attachment":[{"href":"https:\/\/www.europesays.com\/pt\/wp-json\/wp\/v2\/media?parent=186635"}],"wp:term":[{"taxonomy":"category","embeddable":true,"href":"https:\/\/www.europesays.com\/pt\/wp-json\/wp\/v2\/categories?post=186635"},{"taxonomy":"post_tag","embeddable":true,"href":"https:\/\/www.europesays.com\/pt\/wp-json\/wp\/v2\/tags?post=186635"}],"curies":[{"name":"wp","href":"https:\/\/api.w.org\/{rel}","templated":true}]}}