{"id":186653,"date":"2025-12-13T14:01:10","date_gmt":"2025-12-13T14:01:10","guid":{"rendered":"https:\/\/www.europesays.com\/pt\/186653\/"},"modified":"2025-12-13T14:01:10","modified_gmt":"2025-12-13T14:01:10","slug":"cinco-deputados-do-psd-viajaram-ate-pequim-a-convite-do-partido-comunista-chines","status":"publish","type":"post","link":"https:\/\/www.europesays.com\/pt\/186653\/","title":{"rendered":"Cinco deputados do PSD viajaram at\u00e9 Pequim a convite do&#8230; Partido Comunista Chin\u00eas"},"content":{"rendered":"<p>Cinco deputados do PSD, entre os quais o secret\u00e1rio-geral e l\u00edder parlamentar Hugo Soares, viajaram at\u00e9 Pequim a convite do Departamento Internacio\u00adnal do Comit\u00e9 Central do Partido Comunista da China (IDPC) no \u00e2mbito partid\u00e1rio e n\u00e3o parlamentar, avan\u00e7a o <a aria-label=\"content\" target=\"_blank\" href=\"https:\/\/expresso.pt\/politica\/governo\/2025-12-11-hugo-soares-em-pequim-a-convite-do-partido-comunista-chines-fc8bf935\" rel=\"nofollow noopener\">Expresso<\/a>.<\/p>\n<p>Hugo Soares adiantou ao jornal que que o programa da visita incluiu v\u00e1rios contactos com respons\u00e1veis pol\u00edticos chineses, no \u00e2mbito das comemora\u00e7\u00f5es do 20\u00ba anivers\u00e1rio da Parceria Estrat\u00e9gica China\u2013Portugal, e que este tipo de convites \u00e9 &#8220;normal\u00edssimo&#8221;.<\/p>\n<p>Tendo em conta que n\u00e3o se trata de uma visita de \u00e2mbito parlamentar, n\u00e3o existe a obriga\u00e7\u00e3o de comunicar a viagem \u00e0 Assembleia da Rep\u00fablica, tal como tamb\u00e9m n\u00e3o se aplicam limites de registo de ofertas e hospitalidade. Ainda assim, Hugo Soares informou o presidente do parlamento, Jos\u00e9 Pedro Aguiar-Branco.<\/p>\n<p>Al\u00e9m do diretor de Rela\u00e7\u00f5es Internacionais do PSD, acompanharam Hugo Soares deputados do Grupo Parlamentar de Amizade Portugal-China. <\/p>\n","protected":false},"excerpt":{"rendered":"Cinco deputados do PSD, entre os quais o secret\u00e1rio-geral e l\u00edder parlamentar Hugo Soares, viajaram at\u00e9 Pequim a&hellip;\n","protected":false},"author":2,"featured_media":186654,"comment_status":"","ping_status":"","sticky":false,"template":"","format":"standard","meta":{"footnotes":""},"categories":[10],"tags":[27,28,358,15,16,14,25,26,21,22,12,13,19,20,37886,3422,32,23,24,4579,33,17,18,29,30,31],"class_list":{"0":"post-186653","1":"post","2":"type-post","3":"status-publish","4":"format-standard","5":"has-post-thumbnail","7":"category-portugal","8":"tag-breaking-news","9":"tag-breakingnews","10":"tag-china","11":"tag-featured-news","12":"tag-featurednews","13":"tag-headlines","14":"tag-latest-news","15":"tag-latestnews","16":"tag-main-news","17":"tag-mainnews","18":"tag-news","19":"tag-noticias","20":"tag-noticias-principais","21":"tag-noticiasprincipais","22":"tag-partido-comunista-chines","23":"tag-pequim","24":"tag-portugal","25":"tag-principais-noticias","26":"tag-principaisnoticias","27":"tag-psd","28":"tag-pt","29":"tag-top-stories","30":"tag-topstories","31":"tag-ultimas","32":"tag-ultimas-noticias","33":"tag-ultimasnoticias"},"share_on_mastodon":{"url":"https:\/\/pubeurope.com\/@pt\/115712628105269209","error":""},"_links":{"self":[{"href":"https:\/\/www.europesays.com\/pt\/wp-json\/wp\/v2\/posts\/186653","targetHints":{"allow":["GET"]}}],"collection":[{"href":"https:\/\/www.europesays.com\/pt\/wp-json\/wp\/v2\/posts"}],"about":[{"href":"https:\/\/www.europesays.com\/pt\/wp-json\/wp\/v2\/types\/post"}],"author":[{"embeddable":true,"href":"https:\/\/www.europesays.com\/pt\/wp-json\/wp\/v2\/users\/2"}],"replies":[{"embeddable":true,"href":"https:\/\/www.europesays.com\/pt\/wp-json\/wp\/v2\/comments?post=186653"}],"version-history":[{"count":0,"href":"https:\/\/www.europesays.com\/pt\/wp-json\/wp\/v2\/posts\/186653\/revisions"}],"wp:featuredmedia":[{"embeddable":true,"href":"https:\/\/www.europesays.com\/pt\/wp-json\/wp\/v2\/media\/186654"}],"wp:attachment":[{"href":"https:\/\/www.europesays.com\/pt\/wp-json\/wp\/v2\/media?parent=186653"}],"wp:term":[{"taxonomy":"category","embeddable":true,"href":"https:\/\/www.europesays.com\/pt\/wp-json\/wp\/v2\/categories?post=186653"},{"taxonomy":"post_tag","embeddable":true,"href":"https:\/\/www.europesays.com\/pt\/wp-json\/wp\/v2\/tags?post=186653"}],"curies":[{"name":"wp","href":"https:\/\/api.w.org\/{rel}","templated":true}]}}