{"id":186657,"date":"2025-12-13T14:06:17","date_gmt":"2025-12-13T14:06:17","guid":{"rendered":"https:\/\/www.europesays.com\/pt\/186657\/"},"modified":"2025-12-13T14:06:17","modified_gmt":"2025-12-13T14:06:17","slug":"fabio-e-liliana-rasgam-a-relacao-do-casal-e-tentam-colocar-leandro-contra-pedro-secret-story","status":"publish","type":"post","link":"https:\/\/www.europesays.com\/pt\/186657\/","title":{"rendered":"F\u00e1bio e Liliana &#8220;rasgam&#8221; a rela\u00e7\u00e3o do casal e tentam colocar Leandro contra Pedro? &#8211; Secret Story"},"content":{"rendered":"<p>No Secret Story 9, F\u00e1bio e Liliana criticam forte e feio a rela\u00e7\u00e3o de Pedro e Marisa, e parecem tentar convencer Leandro a coloc\u00e1-lo contra Pedro.\u00a0<\/p>\n<p><strong>Esta semana, h\u00e1 tr\u00eas concorrentes em risco de expuls\u00e3o. Pode votar na APP oficial do TVI reality ou atrav\u00e9s das linhas telef\u00f3nicas.<\/strong><\/p>\n<p><strong>VOTE PARA SALVAR:<\/strong><\/p>\n<p><strong>ANA \u2013 761 20 20 01<\/strong><\/p>\n<p><strong>IN\u00caS \u2013 761 20 20 10<\/strong><\/p>\n<p><strong>LILIANA \u2013 761 20 20 14<\/strong><\/p>\n<p><strong>\u00a0<\/strong><\/p>\n","protected":false},"excerpt":{"rendered":"No Secret Story 9, F\u00e1bio e Liliana criticam forte e feio a rela\u00e7\u00e3o de Pedro e Marisa, e&hellip;\n","protected":false},"author":2,"featured_media":186658,"comment_status":"","ping_status":"","sticky":false,"template":"","format":"standard","meta":{"footnotes":""},"categories":[142],"tags":[114,115,19033,19034,32,33,151,19032],"class_list":{"0":"post-186657","1":"post","2":"type-post","3":"status-publish","4":"format-standard","5":"has-post-thumbnail","7":"category-tv","8":"tag-entertainment","9":"tag-entretenimento","10":"tag-galas-em-video","11":"tag-melhores-momentos-casa-dos-segredos","12":"tag-portugal","13":"tag-pt","14":"tag-tv","15":"tag-videos-secret-story-tvi"},"share_on_mastodon":{"url":"https:\/\/pubeurope.com\/@pt\/115712647700542201","error":""},"_links":{"self":[{"href":"https:\/\/www.europesays.com\/pt\/wp-json\/wp\/v2\/posts\/186657","targetHints":{"allow":["GET"]}}],"collection":[{"href":"https:\/\/www.europesays.com\/pt\/wp-json\/wp\/v2\/posts"}],"about":[{"href":"https:\/\/www.europesays.com\/pt\/wp-json\/wp\/v2\/types\/post"}],"author":[{"embeddable":true,"href":"https:\/\/www.europesays.com\/pt\/wp-json\/wp\/v2\/users\/2"}],"replies":[{"embeddable":true,"href":"https:\/\/www.europesays.com\/pt\/wp-json\/wp\/v2\/comments?post=186657"}],"version-history":[{"count":0,"href":"https:\/\/www.europesays.com\/pt\/wp-json\/wp\/v2\/posts\/186657\/revisions"}],"wp:featuredmedia":[{"embeddable":true,"href":"https:\/\/www.europesays.com\/pt\/wp-json\/wp\/v2\/media\/186658"}],"wp:attachment":[{"href":"https:\/\/www.europesays.com\/pt\/wp-json\/wp\/v2\/media?parent=186657"}],"wp:term":[{"taxonomy":"category","embeddable":true,"href":"https:\/\/www.europesays.com\/pt\/wp-json\/wp\/v2\/categories?post=186657"},{"taxonomy":"post_tag","embeddable":true,"href":"https:\/\/www.europesays.com\/pt\/wp-json\/wp\/v2\/tags?post=186657"}],"curies":[{"name":"wp","href":"https:\/\/api.w.org\/{rel}","templated":true}]}}