{"id":186659,"date":"2025-12-13T14:08:11","date_gmt":"2025-12-13T14:08:11","guid":{"rendered":"https:\/\/www.europesays.com\/pt\/186659\/"},"modified":"2025-12-13T14:08:11","modified_gmt":"2025-12-13T14:08:11","slug":"percy-jackson-pode-corrigir-o-passado-com-retorno-de-logan-lerman","status":"publish","type":"post","link":"https:\/\/www.europesays.com\/pt\/186659\/","title":{"rendered":"Percy Jackson pode corrigir o passado com retorno de Logan Lerman"},"content":{"rendered":"<p>Se depender do elenco da s\u00e9rie de <a href=\"https:\/\/tangerina.uol.com.br\/filmes-series\/disney-lanca-percy-jackson-pior-epoca-de-2025\/\" target=\"_blank\" rel=\"noreferrer noopener nofollow\">Percy Jackson<\/a>, Logan Lerman ainda n\u00e3o disse adeus ao universo criado por Rick Riordan. O assunto voltou a ganhar for\u00e7a ap\u00f3s declara\u00e7\u00f5es de Walker Scobell, atual int\u00e9rprete do semideus na produ\u00e7\u00e3o do Disney+, que comentou publicamente sobre um poss\u00edvel retorno do ator que viveu o personagem nos filmes lan\u00e7ados em 2010 e 2013.<\/p>\n<p>Na \u00e9poca, as adapta\u00e7\u00f5es para o cinema dividiram os f\u00e3s e acabaram ficando marcadas pelas mudan\u00e7as em rela\u00e7\u00e3o aos livros, especialmente pela idade dos personagens. Agora, com a s\u00e9rie adotando uma abordagem mais fiel ao material original e com Rick Riordan envolvido diretamente, a ideia de resgatar Logan Lerman em um novo papel surge como uma forma de reconectar passado e presente da franquia.<\/p>\n<p>Em entrevista ao Entertainment Tonight, Walker Scobell sugeriu que Lerman poderia interpretar Triton, filho de Poseidon e meio-irm\u00e3o de Percy Jackson. Daniel Diemer, que vive Tyson na s\u00e9rie, concordou com a escolha. Ele refor\u00e7ou que manter o antigo int\u00e9rprete dentro da \u201cfam\u00edlia de Poseidon\u201d faria sentido narrativo e simb\u00f3lico.<\/p>\n<p>Triton aparece de forma breve nos livros, especialmente quando Percy Jackson visita o reino subaqu\u00e1tico de Poseidon no quinto volume da saga: O \u00daltimo Olimpiano.<\/p>\n<p><img alt=\"Walker Scobell e Leah Jeffries em cena de Percy Jackson e Os Olimpianos\" src=\"data:image\/gif;base64,R0lGODlhAQABAIAAAAAAAP\/\/\/yH5BAEAAAAALAAAAAABAAEAAAIBRAA7\" decoding=\"async\" style=\"position:absolute;top:0;left:0;bottom:0;right:0;box-sizing:border-box;padding:0;border:none;margin:auto;display:block;width:0;height:0;min-width:100%;max-width:100%;min-height:100%;max-height:100%\"\/><\/p>\n<p font-weight=\"500\" font-size=\"14px\" class=\"style__Typo-sc-1e1gvva-0 ezCJRb\">Walker Scobell e Leah Jeffries em cena de Percy Jackson e Os Olimpianos<\/p>\n<p font-weight=\"300\" font-size=\"14px\" class=\"style__Typo-sc-1e1gvva-0 fvAQOT\">(Foto: Divulga\u00e7\u00e3o\/Disney+)<\/p>\n<p>Percy Jackson pode fazer hist\u00f3ria<\/p>\n<p>Por conta disso, a apari\u00e7\u00e3o do personagem s\u00f3 seria esperada em uma eventual quinta temporada. Ainda assim, a s\u00e9rie j\u00e1 mostrou abertura para antecipar personagens e elementos da hist\u00f3ria, o que tornaria poss\u00edvel uma participa\u00e7\u00e3o especial antes do previsto. Para os f\u00e3s, seria uma maneira elegante de integrar o antigo int\u00e9rprete sem interferir na nova vis\u00e3o da adapta\u00e7\u00e3o.<\/p>\n<p>Scobell tamb\u00e9m comentou que tem interesse em aprender com Lerman e ouvir suas experi\u00eancias com a franquia. Segundo o ator, os dois j\u00e1 se encontraram em eventos e conversaram sobre Percy Jackson.<\/p>\n<p>Caso a participa\u00e7\u00e3o de Triton fique mesmo para as temporadas finais, um cameo de Logan Lerman poderia funcionar como um encerramento simb\u00f3lico de sua jornada nesse universo. Mesmo com a recep\u00e7\u00e3o negativa dos filmes na \u00e9poca, a presen\u00e7a do ator seria um aceno respeitoso \u00e0 hist\u00f3ria da franquia e aos f\u00e3s que acompanharam Percy Jackson desde o in\u00edcio.<\/p>\n<p>A segunda temporada de Percy Jackson e os Olimpianos j\u00e1 estreou no <a href=\"https:\/\/www.disneyplus.com\/\" target=\"_blank\" rel=\"noreferrer noopener nofollow\">Disney+<\/a>. Os primeiros dois epis\u00f3dios est\u00e3o dispon\u00edveis no cat\u00e1logo do streaming. Assista abaixo ao trailer da s\u00e9rie:<\/p>\n","protected":false},"excerpt":{"rendered":"Se depender do elenco da s\u00e9rie de Percy Jackson, Logan Lerman ainda n\u00e3o disse adeus ao universo criado&hellip;\n","protected":false},"author":2,"featured_media":186660,"comment_status":"","ping_status":"","sticky":false,"template":"","format":"standard","meta":{"footnotes":""},"categories":[140],"tags":[1579,114,115,147,148,146,32,33],"class_list":{"0":"post-186659","1":"post","2":"type-post","3":"status-publish","4":"format-standard","5":"has-post-thumbnail","7":"category-filmes","8":"tag-disney","9":"tag-entertainment","10":"tag-entretenimento","11":"tag-film","12":"tag-filmes","13":"tag-movies","14":"tag-portugal","15":"tag-pt"},"share_on_mastodon":{"url":"https:\/\/pubeurope.com\/@pt\/115712655873909541","error":""},"_links":{"self":[{"href":"https:\/\/www.europesays.com\/pt\/wp-json\/wp\/v2\/posts\/186659","targetHints":{"allow":["GET"]}}],"collection":[{"href":"https:\/\/www.europesays.com\/pt\/wp-json\/wp\/v2\/posts"}],"about":[{"href":"https:\/\/www.europesays.com\/pt\/wp-json\/wp\/v2\/types\/post"}],"author":[{"embeddable":true,"href":"https:\/\/www.europesays.com\/pt\/wp-json\/wp\/v2\/users\/2"}],"replies":[{"embeddable":true,"href":"https:\/\/www.europesays.com\/pt\/wp-json\/wp\/v2\/comments?post=186659"}],"version-history":[{"count":0,"href":"https:\/\/www.europesays.com\/pt\/wp-json\/wp\/v2\/posts\/186659\/revisions"}],"wp:featuredmedia":[{"embeddable":true,"href":"https:\/\/www.europesays.com\/pt\/wp-json\/wp\/v2\/media\/186660"}],"wp:attachment":[{"href":"https:\/\/www.europesays.com\/pt\/wp-json\/wp\/v2\/media?parent=186659"}],"wp:term":[{"taxonomy":"category","embeddable":true,"href":"https:\/\/www.europesays.com\/pt\/wp-json\/wp\/v2\/categories?post=186659"},{"taxonomy":"post_tag","embeddable":true,"href":"https:\/\/www.europesays.com\/pt\/wp-json\/wp\/v2\/tags?post=186659"}],"curies":[{"name":"wp","href":"https:\/\/api.w.org\/{rel}","templated":true}]}}