{"id":186671,"date":"2025-12-13T14:20:50","date_gmt":"2025-12-13T14:20:50","guid":{"rendered":"https:\/\/www.europesays.com\/pt\/186671\/"},"modified":"2025-12-13T14:20:50","modified_gmt":"2025-12-13T14:20:50","slug":"homem-destroi-televisoes-com-um-martelo-no-norteshopping-observador","status":"publish","type":"post","link":"https:\/\/www.europesays.com\/pt\/186671\/","title":{"rendered":"Homem destr\u00f3i televis\u00f5es com um martelo no NorteShopping \u2013 Observador"},"content":{"rendered":"<p>Um homem com um martelo destruiu v\u00e1rias televis\u00f5es, computadores e outros aparelhos inform\u00e1ticos numa loja no NorteShopping na passada sexta-feira. <a href=\"https:\/\/www.jn.pt\/jn-direto\/artigo\/homem-com-martelo-destroi-televisoes-e-computadores-em-loja-do-norteshopping\/18029765\" target=\"_blank\" rel=\"noopener nofollow\">De acordo com o Jornal de Not\u00edcias, citando fonte da PSP do Porto<\/a>, o homem foi detido e passou a noite nas celas de deten\u00e7\u00e3o para ser apresentado a interrogat\u00f3rio judicial.<\/p>\n<blockquote class=\"twitter-tweet\">\n<p lang=\"pt\" dir=\"ltr\">????????Sexta-feira tranquila no NorteShopping: um \u2018al\u00f3geno extraeuropeu\u2019 decidiu fazer uma avalia\u00e7\u00e3o pr\u00e1tica da qualidade dos eletrodom\u00e9sticos da Worten\u2026 \u00e0 martelada. Foi detido.<br \/>Aguardam-se esclarecimentos: doutor ou engenheiro? <a href=\"https:\/\/t.co\/03D8JolzbR\" rel=\"nofollow\">pic.twitter.com\/03D8JolzbR<\/a><\/p>\n<p>\u2014 O Tempestuoso\u26a1 (@OTempestuoso) <a href=\"https:\/\/twitter.com\/OTempestuoso\/status\/1999756409391775966?ref_src=twsrc%5Etfw\" rel=\"nofollow noopener\" target=\"_blank\">December 13, 2025<\/a><\/p><\/blockquote>\n<p>Foi durante a tarde, pelas 16h30, que o homem de 33 anos, de nacionalidade portuguesa, entrou na loja da Worten no NorteShopping em Matosinhos, transportando um martelo. Nos v\u00eddeos feitos por testemunhas e partilhados nas redes sociais, \u00e9 poss\u00edvel ver que o homem caminha pela loja a desferir golpes e partir o ecr\u00e3 de televis\u00f5es, computadores, telem\u00f3veis.<\/p>\n<p>Os profissionais de seguran\u00e7a da loja interromperam o ataque contra os equipamentos e retiveram o homem at\u00e9 a chegada da PSP. De acordo com o jornal, n\u00e3o ter\u00e1 sido apresentada qualquer justifica\u00e7\u00e3o para o ato de vandalismo. Os artigos da loja danificados, entretanto, foram substitu\u00eddos no in\u00edcio da noite.<\/p>\n<blockquote class=\"twitter-tweet\">\n<p lang=\"pt\" dir=\"ltr\">Um homem vandalizou a loja Worten no NorteShopping, destruindo v\u00e1rias televis\u00f5es, computadores e outros equipamentos com um martelo. Os preju\u00edzos poder\u00e3o rondar os 40 mil euros. <a href=\"https:\/\/t.co\/A8ulze2GRE\" rel=\"nofollow\">pic.twitter.com\/A8ulze2GRE<\/a><\/p>\n<p>\u2014 Jeff Nascimento (@Jeffers78017291) <a href=\"https:\/\/twitter.com\/Jeffers78017291\/status\/1999748182285410339?ref_src=twsrc%5Etfw\" rel=\"nofollow noopener\" target=\"_blank\">December 13, 2025<\/a><\/p><\/blockquote>\n<p>            <script async src=\"https:\/\/platform.twitter.com\/widgets.js\" charset=\"utf-8\"><\/script><\/p>\n","protected":false},"excerpt":{"rendered":"Um homem com um martelo destruiu v\u00e1rias televis\u00f5es, computadores e outros aparelhos inform\u00e1ticos numa loja no NorteShopping na&hellip;\n","protected":false},"author":2,"featured_media":186672,"comment_status":"","ping_status":"","sticky":false,"template":"","format":"standard","meta":{"footnotes":""},"categories":[10],"tags":[27,28,604,15,16,14,25,26,21,22,12,13,19,20,32,23,24,33,58,17,18,29,30,31,20910],"class_list":{"0":"post-186671","1":"post","2":"type-post","3":"status-publish","4":"format-standard","5":"has-post-thumbnail","7":"category-portugal","8":"tag-breaking-news","9":"tag-breakingnews","10":"tag-crime","11":"tag-featured-news","12":"tag-featurednews","13":"tag-headlines","14":"tag-latest-news","15":"tag-latestnews","16":"tag-main-news","17":"tag-mainnews","18":"tag-news","19":"tag-noticias","20":"tag-noticias-principais","21":"tag-noticiasprincipais","22":"tag-portugal","23":"tag-principais-noticias","24":"tag-principaisnoticias","25":"tag-pt","26":"tag-sociedade","27":"tag-top-stories","28":"tag-topstories","29":"tag-ultimas","30":"tag-ultimas-noticias","31":"tag-ultimasnoticias","32":"tag-vandalismo"},"share_on_mastodon":{"url":"https:\/\/pubeurope.com\/@pt\/115712706619530715","error":""},"_links":{"self":[{"href":"https:\/\/www.europesays.com\/pt\/wp-json\/wp\/v2\/posts\/186671","targetHints":{"allow":["GET"]}}],"collection":[{"href":"https:\/\/www.europesays.com\/pt\/wp-json\/wp\/v2\/posts"}],"about":[{"href":"https:\/\/www.europesays.com\/pt\/wp-json\/wp\/v2\/types\/post"}],"author":[{"embeddable":true,"href":"https:\/\/www.europesays.com\/pt\/wp-json\/wp\/v2\/users\/2"}],"replies":[{"embeddable":true,"href":"https:\/\/www.europesays.com\/pt\/wp-json\/wp\/v2\/comments?post=186671"}],"version-history":[{"count":0,"href":"https:\/\/www.europesays.com\/pt\/wp-json\/wp\/v2\/posts\/186671\/revisions"}],"wp:featuredmedia":[{"embeddable":true,"href":"https:\/\/www.europesays.com\/pt\/wp-json\/wp\/v2\/media\/186672"}],"wp:attachment":[{"href":"https:\/\/www.europesays.com\/pt\/wp-json\/wp\/v2\/media?parent=186671"}],"wp:term":[{"taxonomy":"category","embeddable":true,"href":"https:\/\/www.europesays.com\/pt\/wp-json\/wp\/v2\/categories?post=186671"},{"taxonomy":"post_tag","embeddable":true,"href":"https:\/\/www.europesays.com\/pt\/wp-json\/wp\/v2\/tags?post=186671"}],"curies":[{"name":"wp","href":"https:\/\/api.w.org\/{rel}","templated":true}]}}