{"id":186683,"date":"2025-12-13T14:37:13","date_gmt":"2025-12-13T14:37:13","guid":{"rendered":"https:\/\/www.europesays.com\/pt\/186683\/"},"modified":"2025-12-13T14:37:13","modified_gmt":"2025-12-13T14:37:13","slug":"amanha-ja-ha-metro-a-partir-de-que-horas-human-resources","status":"publish","type":"post","link":"https:\/\/www.europesays.com\/pt\/186683\/","title":{"rendered":"Amanh\u00e3 j\u00e1 h\u00e1 metro? A partir de que horas? \u2013 Human Resources"},"content":{"rendered":"<p>                                    <img decoding=\"async\" alt=\"\" src=\"https:\/\/www.europesays.com\/pt\/wp-content\/uploads\/2025\/12\/metro1.png\"\/><\/p>\n<p><strong>No \u00e2mbito da greve geral convocada para hoje, dia 11 de Dezembro, os Sindicatos representativos dos trabalhadores do Metropolitano de Lisboa, E.P.E. apresentaram o respectivo pr\u00e9-aviso de greve, verificando-se, por esse motivo, uma afecta\u00e7\u00e3o significativa do servi\u00e7o de transporte. Mas amanh\u00e3 j\u00e1 h\u00e1 metro? Descubra aqui.<\/strong><\/p>\n<p>\u00a0<\/p>\n<p>\u00abPor motivo de greve a empresa prev\u00ea a paralisa\u00e7\u00e3o do servi\u00e7o de transporte a partir das 23h00 de 10 de Dezembro (quarta-feira). O servi\u00e7o ser\u00e1 normalizado a partir das 06h30 do dia 12 de Dezembro\u00bb,\u00a0pode ler-se na publica\u00e7\u00e3o do Metropolitano de Lisboa na rede social X.<\/p>\n<p>Ou seja, amanh\u00e3, 12 de Dezembro, o metro de Lisboa estar\u00e1 a funcionar normalmente, a partir das 06h30 da manh\u00e3.<\/p>\n","protected":false},"excerpt":{"rendered":"No \u00e2mbito da greve geral convocada para hoje, dia 11 de Dezembro, os Sindicatos representativos dos trabalhadores do&hellip;\n","protected":false},"author":2,"featured_media":186684,"comment_status":"","ping_status":"","sticky":false,"template":"","format":"standard","meta":{"footnotes":""},"categories":[10],"tags":[27,28,15,16,14,25,26,21,22,15924,619,12,13,19,20,32,23,24,33,17,18,29,30,31],"class_list":{"0":"post-186683","1":"post","2":"type-post","3":"status-publish","4":"format-standard","5":"has-post-thumbnail","7":"category-portugal","8":"tag-breaking-news","9":"tag-breakingnews","10":"tag-featured-news","11":"tag-featurednews","12":"tag-headlines","13":"tag-latest-news","14":"tag-latestnews","15":"tag-main-news","16":"tag-mainnews","17":"tag-metropolitano-de-lisboa","18":"tag-nacional","19":"tag-news","20":"tag-noticias","21":"tag-noticias-principais","22":"tag-noticiasprincipais","23":"tag-portugal","24":"tag-principais-noticias","25":"tag-principaisnoticias","26":"tag-pt","27":"tag-top-stories","28":"tag-topstories","29":"tag-ultimas","30":"tag-ultimas-noticias","31":"tag-ultimasnoticias"},"share_on_mastodon":{"url":"https:\/\/pubeurope.com\/@pt\/115712769955696798","error":""},"_links":{"self":[{"href":"https:\/\/www.europesays.com\/pt\/wp-json\/wp\/v2\/posts\/186683","targetHints":{"allow":["GET"]}}],"collection":[{"href":"https:\/\/www.europesays.com\/pt\/wp-json\/wp\/v2\/posts"}],"about":[{"href":"https:\/\/www.europesays.com\/pt\/wp-json\/wp\/v2\/types\/post"}],"author":[{"embeddable":true,"href":"https:\/\/www.europesays.com\/pt\/wp-json\/wp\/v2\/users\/2"}],"replies":[{"embeddable":true,"href":"https:\/\/www.europesays.com\/pt\/wp-json\/wp\/v2\/comments?post=186683"}],"version-history":[{"count":0,"href":"https:\/\/www.europesays.com\/pt\/wp-json\/wp\/v2\/posts\/186683\/revisions"}],"wp:featuredmedia":[{"embeddable":true,"href":"https:\/\/www.europesays.com\/pt\/wp-json\/wp\/v2\/media\/186684"}],"wp:attachment":[{"href":"https:\/\/www.europesays.com\/pt\/wp-json\/wp\/v2\/media?parent=186683"}],"wp:term":[{"taxonomy":"category","embeddable":true,"href":"https:\/\/www.europesays.com\/pt\/wp-json\/wp\/v2\/categories?post=186683"},{"taxonomy":"post_tag","embeddable":true,"href":"https:\/\/www.europesays.com\/pt\/wp-json\/wp\/v2\/tags?post=186683"}],"curies":[{"name":"wp","href":"https:\/\/api.w.org\/{rel}","templated":true}]}}