{"id":186695,"date":"2025-12-13T14:45:11","date_gmt":"2025-12-13T14:45:11","guid":{"rendered":"https:\/\/www.europesays.com\/pt\/186695\/"},"modified":"2025-12-13T14:45:11","modified_gmt":"2025-12-13T14:45:11","slug":"bilhetes-para-o-mundial-2026-geram-revolta-portugal-colombia-chega-aos-1700-euros-futebol-internacional","status":"publish","type":"post","link":"https:\/\/www.europesays.com\/pt\/186695\/","title":{"rendered":"Bilhetes para o Mundial 2026 geram revolta: Portugal-Col\u00f4mbia chega aos 1700 euros | Futebol internacional"},"content":{"rendered":"<p>A venda de bilhetes para os jogos do Mundial 2026 arrancou na quinta-feira e as cr\u00edticas j\u00e1 come\u00e7aram a ser disparadas de v\u00e1rios quadrantes. Em causa est\u00e1 o pre\u00e7o dos ingressos, que extravasa largamente o padr\u00e3o do anterior Campeonato do Mundo e est\u00e1 a deixar os adeptos incr\u00e9dulos. A FIFA, at\u00e9 ver, limita-se a regozijar-se com os cinco milh\u00f5es de pedidos de bilhetes realizados nas primeiras 24 horas do processo.<\/p>\n<p>Um dos jogos que est\u00e1 a despertar mais interesse nesta fase inicial envolve mesmo <a href=\"https:\/\/www.publico.pt\/2025\/12\/10\/desporto\/noticia\/custa-portugal-mundial-fifa-nao-2157489\" rel=\"nofollow noopener\" target=\"_blank\">a selec\u00e7\u00e3o de Portugal<\/a> e, em concreto, o embate com a Col\u00f4mbia, agendado para 27 de Junho, em Miami. H\u00e1 tr\u00eas n\u00edveis de pre\u00e7os, que come\u00e7am nos 225 euros, passam pelos 426 num segundo patamar e podem chegar aos 600 euros. Mas o problema agrava-se porque, face \u00e0 impossibilidade de milhares de adeptos adquirirem os ingressos nesta fase, entram em cena as ag\u00eancias de revenda.<\/p>\n<p>Neste mercado &#8220;secund\u00e1rio&#8221;, a subida \u00e9 alarmante. Antes do sorteio, segundo o site ticketdata.com, o bilhete mais barato para o \u00faltimo jogo de Portugal na fase de grupos (que viria a colocar a Col\u00f4mbia no caminho da selec\u00e7\u00e3o nacional) rondava os 400 d\u00f3lares (340 euros), mas assim que <a href=\"https:\/\/www.publico.pt\/2025\/12\/05\/desporto\/noticia\/portugal-comeca-mundial-2026-incognita-pensar-uzbequistao-colombia-2157217\" rel=\"nofollow noopener\" target=\"_blank\">o calend\u00e1rio ficou definido<\/a> o Portugal-Col\u00f4mbia disparou para os 1700 euros, o que faz deste encontro o quinto mais caro de todo o torneio nestas plataformas, s\u00f3 atr\u00e1s de um jogo dos quartos-de-final, das meias-finais e da final.<\/p>\n<p>        &#13;<\/p>\n<p>&#13;<br \/>\n                &#13;\n            <\/p>\n<p>&#13;<\/p>\n<p>Este arranque do processo de venda est\u00e1 a deixar os adeptos preocupados, ao ponto de tentarem pressionar as federa\u00e7\u00f5es para que fa\u00e7am lobbying junto da FIFA no sentido de conter os pre\u00e7os. At\u00e9 agora, o organismo que rege o futebol adianta apenas que recebeu pedidos de compra de ingressos oriundos de mais de 200 pa\u00edses, mas associa\u00e7\u00f5es como a Football Supporters (FSA), que junta adeptos de Inglaterra e do Pa\u00eds de Gales, falam num &#8220;esc\u00e2ndalo&#8221;.<\/p>\n<p>&#8220;Apoiamos a FSE &#8211; Football Supporters Europe [associa\u00e7\u00e3o que junta adeptos dos 54 pa\u00edses que comp\u00f5em a UEFA] no apelo a uma interrup\u00e7\u00e3o na venda de bilhetes e estamos a pedir \u00e0 FA [federa\u00e7\u00e3o inglesa] que trabalhe em conjunto com outras federa\u00e7\u00f5es para contestar directamente estes pre\u00e7os absurdos&#8221;, <a href=\"https:\/\/thefsa.org.uk\/news\/world-cup-ticket-prices-are-scandalous\/\" onclick=\"window.open(this.href, &#039;&#039;, &#039;resizable=no,status=no,location=no,toolbar=no,menubar=no,fullscreen=no,scrollbars=no,dependent=no&#039;); return false;\" rel=\"nofollow noopener\" target=\"_blank\">afirma a FSA, em comunicado<\/a>, lembrando que n\u00e3o existe futebol profissional sem adeptos.<\/p>\n<p>        &#13;<\/p>\n<blockquote class=\"twitter-tweet\">\n<p lang=\"en\" dir=\"ltr\"><a href=\"https:\/\/twitter.com\/FIFAcom?ref_src=twsrc%5Etfw\" rel=\"nofollow noopener\" target=\"_blank\">@FIFAcom<\/a>&#8216;s <a href=\"https:\/\/twitter.com\/hashtag\/WorldCup?src=hash&amp;ref_src=twsrc%5Etfw\" rel=\"nofollow noopener\" target=\"_blank\">#WorldCup<\/a> ticket prices are a betrayal to the most dedicated fans. At least $6900 to support your team from the first match to the final &#8211; nearly 5 times more than in Qatar.<\/p>\n<p>FSE calls for the immediate halt to ticket sales.<\/p>\n<p>?? Statement: <a href=\"https:\/\/t.co\/AgEdqsfrox\" rel=\"nofollow\">https:\/\/t.co\/AgEdqsfrox<\/a> <a href=\"https:\/\/t.co\/2Yq5z5GIDZ\" rel=\"nofollow\">pic.twitter.com\/2Yq5z5GIDZ<\/a><\/p>\n<p>\u2014 Football Supporters Europe (@FansEurope) <a href=\"https:\/\/twitter.com\/FansEurope\/status\/1999117980014141630?ref_src=twsrc%5Etfw\" rel=\"nofollow noopener\" target=\"_blank\">December 11, 2025<\/a><\/p><\/blockquote>\n<p> &#13;<\/p>\n<p>Tr\u00eas (e sete) vezes mais caros do que no Qatar<\/p>\n<p>Na verdade, os pre\u00e7os que est\u00e3o a ser praticados na fase de grupos do Mundial 2026 s\u00e3o at\u00e9 tr\u00eas vezes mais elevados do que os registados no <a href=\"https:\/\/www.publico.pt\/2022\/01\/19\/desporto\/noticia\/comeca-hoje-venda-bilhetes-mundial-2022-1992408\" rel=\"nofollow noopener\" target=\"_blank\">Qatar, em 2022<\/a>, estando o ingresso mais barato para a final do torneio a ser vendido a 3550 euros &#8211; neste caso, sete vezes mais do que h\u00e1 quatro anos.<\/p>\n<p>Neste contexto, a FSE pede que a pol\u00edtica de pre\u00e7os (que considera &#8220;astron\u00f3micos&#8221;) seja revista rapidamente, lamentando que o processo seja pouco transparente e que impe\u00e7a a maioria dos adeptos de aceder aos ingressos mais acess\u00edveis, atrav\u00e9s de uma l\u00f3gica de distribui\u00e7\u00e3o que n\u00e3o compreende.<\/p>\n<p>&#8220;A categoria mais baixa de pre\u00e7os n\u00e3o est\u00e1 acess\u00edvel aos adeptos mais dedicados atrav\u00e9s das federa\u00e7\u00f5es nacionais, porque a FIFA decidiu reservar o limitado n\u00famero de bilhetes da categoria quatro para a venda geral, sujeita a pre\u00e7os din\u00e2micos [que sobem ou descem em fun\u00e7\u00e3o da procura]&#8221;, apontam, em comunicado.<\/p>\n<p>        &#13;<\/p>\n<p>&#13;<br \/>\n                &#13;\n            <\/p>\n<p>&#13;<\/p>\n<p>&#8220;Pela primeira vez na hist\u00f3ria do Campeonato do Mundo, n\u00e3o teremos pre\u00e7os consistentes nos jogos da fase de grupos. Em vez disso, a FIFA introduziu uma pol\u00edtica de pre\u00e7os vari\u00e1vel em fun\u00e7\u00e3o de crit\u00e9rios vagos como o poder de atrac\u00e7\u00e3o dos jogos&#8221;, acrescentam, lembrando que os adeptos de diferentes pa\u00edses, na mesma fase do torneio, ter\u00e3o de suportar pre\u00e7os diferentes de bilhetes.<\/p>\n<p>De resto, na pol\u00edtica de vendas n\u00e3o h\u00e1 pre\u00e7os especiais para crian\u00e7as ou para grupos, o que agrava as limita\u00e7\u00f5es no acesso aos ingressos. Em Inglaterra, a FSA fala mesmo numa &#8220;facada nas costas&#8221;: &#8220;A FIFA decidiu preocupar-se apenas com o dinheiro e com a elite que pode pagar estes bilhetes&#8221;.<\/p>\n<p>        &#13;<\/p>\n<blockquote class=\"twitter-tweet\">\n<p lang=\"zxx\" dir=\"ltr\"><a href=\"https:\/\/t.co\/NOCuj0WzZ0\" rel=\"nofollow\">https:\/\/t.co\/NOCuj0WzZ0<\/a> <a href=\"https:\/\/t.co\/3JswsdvGVl\" rel=\"nofollow\">pic.twitter.com\/3JswsdvGVl<\/a><\/p>\n<p>\u2014 The FSA (@WeAreTheFSA) <a href=\"https:\/\/twitter.com\/WeAreTheFSA\/status\/1999595131322638390?ref_src=twsrc%5Etfw\" rel=\"nofollow noopener\" target=\"_blank\">December 12, 2025<\/a><\/p><\/blockquote>\n<p> &#13;<\/p>\n<p>Est\u00e1 agendada uma reuni\u00e3o do Conselho da FIFA para a pr\u00f3xima semana, em Doha, no Qatar, desconhecendo-se ainda se e em que moldes o tema ser\u00e1 abordado. Uma coisa \u00e9 certa: com um torneio alargado a 48 selec\u00e7\u00f5es e dividido por tr\u00eas pa\u00edses (EUA, M\u00e9xico e Canad\u00e1), o custo de acompanhar os jogos in loco ser\u00e1 incomport\u00e1vel para uma fatia generosa dos adeptos, agravando-se o cen\u00e1rio para quem viaja de outros continentes.<\/p>\n<p>Na pr\u00e1tica, estamos a falar de pre\u00e7os mais altos do que nunca para os bilhetes, de viagens de milhares de quil\u00f3metros (para o palco do torneio e, j\u00e1 durante a prova, entre cidades anfitri\u00e3s\/pa\u00edses anfitri\u00f5es) e do calend\u00e1rio mais alargado de sempre, o que implica uma perman\u00eancia mais longa em territ\u00f3rio americano para quem tenha pretens\u00f5es de acompanhar a competi\u00e7\u00e3o de fio a pavio.<\/p>\n<p>            <script async src=\"https:\/\/platform.twitter.com\/widgets.js\" charset=\"utf-8\"><\/script><\/p>\n","protected":false},"excerpt":{"rendered":"A venda de bilhetes para os jogos do Mundial 2026 arrancou na quinta-feira e as cr\u00edticas j\u00e1 come\u00e7aram&hellip;\n","protected":false},"author":2,"featured_media":186696,"comment_status":"","ping_status":"","sticky":false,"template":"","format":"standard","meta":{"footnotes":""},"categories":[87],"tags":[6026,135,353,2698,138,32,33,134],"class_list":{"0":"post-186695","1":"post","2":"type-post","3":"status-publish","4":"format-standard","5":"has-post-thumbnail","7":"category-desporto","8":"tag-campeonato-do-mundo","9":"tag-desporto","10":"tag-em-destaque","11":"tag-fifa","12":"tag-futebol-internacional","13":"tag-portugal","14":"tag-pt","15":"tag-sports"},"share_on_mastodon":{"url":"https:\/\/pubeurope.com\/@pt\/115712801521813904","error":""},"_links":{"self":[{"href":"https:\/\/www.europesays.com\/pt\/wp-json\/wp\/v2\/posts\/186695","targetHints":{"allow":["GET"]}}],"collection":[{"href":"https:\/\/www.europesays.com\/pt\/wp-json\/wp\/v2\/posts"}],"about":[{"href":"https:\/\/www.europesays.com\/pt\/wp-json\/wp\/v2\/types\/post"}],"author":[{"embeddable":true,"href":"https:\/\/www.europesays.com\/pt\/wp-json\/wp\/v2\/users\/2"}],"replies":[{"embeddable":true,"href":"https:\/\/www.europesays.com\/pt\/wp-json\/wp\/v2\/comments?post=186695"}],"version-history":[{"count":0,"href":"https:\/\/www.europesays.com\/pt\/wp-json\/wp\/v2\/posts\/186695\/revisions"}],"wp:featuredmedia":[{"embeddable":true,"href":"https:\/\/www.europesays.com\/pt\/wp-json\/wp\/v2\/media\/186696"}],"wp:attachment":[{"href":"https:\/\/www.europesays.com\/pt\/wp-json\/wp\/v2\/media?parent=186695"}],"wp:term":[{"taxonomy":"category","embeddable":true,"href":"https:\/\/www.europesays.com\/pt\/wp-json\/wp\/v2\/categories?post=186695"},{"taxonomy":"post_tag","embeddable":true,"href":"https:\/\/www.europesays.com\/pt\/wp-json\/wp\/v2\/tags?post=186695"}],"curies":[{"name":"wp","href":"https:\/\/api.w.org\/{rel}","templated":true}]}}