{"id":186713,"date":"2025-12-13T15:02:21","date_gmt":"2025-12-13T15:02:21","guid":{"rendered":"https:\/\/www.europesays.com\/pt\/186713\/"},"modified":"2025-12-13T15:02:21","modified_gmt":"2025-12-13T15:02:21","slug":"organizacao-de-saude-alerta-que-proxima-temporada-de-gripe-pode-ser-mais-intensa-noticias-r7","status":"publish","type":"post","link":"https:\/\/www.europesays.com\/pt\/186713\/","title":{"rendered":"Organiza\u00e7\u00e3o de sa\u00fade alerta que pr\u00f3xima temporada de gripe pode ser mais intensa \u2013 Noticias R7"},"content":{"rendered":"<p>LEIA AQUI O RESUMO DA NOT\u00cdCIA<\/p>\n<ul class=\"b-article-body-custom-embed-brief-news__list\" style=\"margin: 0; padding-left: 20px; list-style-type: disc;\">\n<li>A Opas alerta que a temporada de gripe de 2026 pode ser mais intensa ou antecipada.<\/li>\n<li>Recomenda\u00e7\u00f5es incluem monitoramento do v\u00edrus, vacina\u00e7\u00e3o e prepara\u00e7\u00e3o dos servi\u00e7os de sa\u00fade.<\/li>\n<li>Grupos vulner\u00e1veis, como idosos e imunocomprometidos, devem receber a vacina contra a influenza.<\/li>\n<li>A alta cobertura vacinal \u00e9 crucial para reduzir a gravidade da temporada de gripe no Brasil.<\/li>\n<\/ul>\n<p style=\"font-size: 0.8em; font-style: italic; text-align: right; margin-top: 15px; padding-bottom: 5px; margin-bottom: 0;\">Produzido pela Ri7a &#8211; a Intelig\u00eancia Artificial do R7<\/p>\n<p><img decoding=\"async\" data-chromatic=\"ignore\" alt=\"\" class=\"c-image\" loading=\"lazy\" src=\"https:\/\/www.europesays.com\/pt\/wp-content\/uploads\/2025\/12\/UZ756VUDOVG2PNEGHJSCBSQUT4.png\"  width=\"1163\" height=\"698\"\/>Org\u00e3o recomenda monitorar atentamente a evolu\u00e7\u00e3o do v\u00edrus Paulo Pinto\/Ag\u00eancia Brasil <\/p>\n<p class=\"jarvics:base-text-neutral-high-400 base-text-[calc(theme(fontSize.xs)_*_var(--font-size,_1))] base-font-normal base-font-primary base-text-neutral-low-500 base-text-left\">A Opas (Organiza\u00e7\u00e3o Pan-Americana de Sa\u00fade) emitiu um alerta nesta quinta-feira (11) para que os pa\u00edses da regi\u00e3o das Am\u00e9ricas se prepararem para a possibilidade de a temporada de influenza em 2026 ser antecipada ou mais intensa. O documento foi divulgado um dia depois de a OMS (Organiza\u00e7\u00e3o Mundial de Sa\u00fade) emitir um comunicado sobre o subclado K do Influenza A (H3N2), relacionado ao aumento de casos no Hemisf\u00e9rio Norte, que est\u00e1 no inverno, \u00e9poca em que h\u00e1 mais circula\u00e7\u00e3o do v\u00edrus.<\/p>\n<p class=\"jarvics:base-text-neutral-high-400 base-text-[calc(theme(fontSize.xs)_*_var(--font-size,_1))] base-font-normal base-font-primary base-text-neutral-low-500 base-text-left\">Para a regi\u00e3o das Am\u00e9ricas, a Opas refor\u00e7a a import\u00e2ncia de monitorar atentamente a evolu\u00e7\u00e3o do v\u00edrus, manter uma elevada cobertura vacinal, tratar os casos em tempo oportuno e assegurar a prepara\u00e7\u00e3o para uma poss\u00edvel atividade precoce ou mais intensa durante a temporada 2026.<\/p>\n<p class=\"jarvics:base-text-neutral-high-400 base-text-[calc(theme(fontSize.xs)_*_var(--font-size,_1))] base-font-normal base-font-primary base-text-neutral-low-500 base-text-left\">\u201c\u00c9 fundamental que a popula\u00e7\u00e3o, especialmente os idosos e as pessoas com fatores de risco, recebam a vacina contra a influenza, a fim de se protegerem individualmente e reduzir a press\u00e3o sobre os servi\u00e7os de sa\u00fade, em particular os de hospitaliza\u00e7\u00e3o\u201d, alerta a organiza\u00e7\u00e3o.<\/p>\n<p class=\"jarvics:base-text-neutral-high-400 base-text-[calc(theme(fontSize.xs)_*_var(--font-size,_1))] base-font-normal base-font-primary base-text-neutral-low-500 base-text-left\">A Opas destacou que, com o in\u00edcio da temporada de maior circula\u00e7\u00e3o da influenza e de outros v\u00edrus respirat\u00f3rios, os Estados-Membros devem ajustar os planos de prepara\u00e7\u00e3o e organiza\u00e7\u00e3o dos servi\u00e7os para uma eventual sobrecarga no sistema de sa\u00fade.<\/p>\n<p class=\"jarvics:base-text-neutral-high-400 base-text-[calc(theme(fontSize.xs)_*_var(--font-size,_1))] base-font-normal base-font-primary base-text-neutral-low-500 base-text-left\">A organiza\u00e7\u00e3o recomenda refor\u00e7ar a vigil\u00e2ncia da influenza, do v\u00edrus sincicial respirat\u00f3rio e do SARS-CoV-2, adotar as medidas necess\u00e1rias de preven\u00e7\u00e3o e controle contra infec\u00e7\u00f5es por v\u00edrus respirat\u00f3rios, implementar medidas que garantam o diagn\u00f3stico precoce e o manejo cl\u00ednico adequado, especialmente entre a popula\u00e7\u00e3o de alto risco de apresentar doen\u00e7a grave.<\/p>\n<p class=\"jarvics:base-text-neutral-high-400 base-text-[calc(theme(fontSize.xs)_*_var(--font-size,_1))] base-font-normal base-font-primary base-text-neutral-low-500 base-text-left\">A Opas tamb\u00e9m orienta os pa\u00edses a garantir a vacina\u00e7\u00e3o contra v\u00edrus respirat\u00f3rios, assegurando uma elevada cobertura vacinal em grupos de alto risco, realizar a previs\u00e3o e organiza\u00e7\u00e3o adequadas dos servi\u00e7os de sa\u00fade, para garantir o cumprimento rigoroso das medidas de controle e preven\u00e7\u00e3o de infec\u00e7\u00f5es, o fornecimento adequado de antivirais e equipamentos de prote\u00e7\u00e3o individual, bem como uma comunica\u00e7\u00e3o adequada dos riscos \u00e0 popula\u00e7\u00e3o e aos profissionais de sa\u00fade.<\/p>\n<p>Vacina\u00e7\u00e3o<\/p>\n<p class=\"jarvics:base-text-neutral-high-400 base-text-[calc(theme(fontSize.xs)_*_var(--font-size,_1))] base-font-normal base-font-primary base-text-neutral-low-500 base-text-left\">O vice-presidente da Sociedade Brasileira de Imuniza\u00e7\u00f5es, Renato Kfouri, explica que v\u00edrus com menos circula\u00e7\u00e3o no pa\u00eds tendem a produzir temporadas mais agressivas, j\u00e1 que a popula\u00e7\u00e3o brasileira tem menos imunidade gerada pelo contato com o pat\u00f3geno em anos anteriores. Mas a alta cobertura vacinal pode fazer a diferen\u00e7a.<\/p>\n<p class=\"jarvics:base-text-neutral-high-400 base-text-[calc(theme(fontSize.xs)_*_var(--font-size,_1))] base-font-normal base-font-primary base-text-neutral-low-500 base-text-left\">\u201cO que a gente recomenda sempre \u00e9 que os grupos mais vulner\u00e1veis estejam vacinados. Crian\u00e7as, idosos, gestantes, imunocomprometidos, portadores de doen\u00e7as cr\u00f4nicas, esses precisam ser vacinados porque representam 3\/4 dos \u00f3bitos de influenza no nosso pa\u00eds\u201d, enfatiza. <\/p>\n<p class=\"jarvics:base-text-neutral-high-400 base-text-[calc(theme(fontSize.xs)_*_var(--font-size,_1))] base-font-normal base-font-primary base-text-neutral-low-500 base-text-left\">Kfouri lembra que os pa\u00edses do Hemisf\u00e9rio Norte j\u00e1 est\u00e3o vivendo a temporada de influenza, o que deve antecipar como ser\u00e1 a temporada no Hemisf\u00e9rio Sul, no ano que vem. <\/p>\n<p class=\"jarvics:base-text-neutral-high-400 base-text-[calc(theme(fontSize.xs)_*_var(--font-size,_1))] base-font-normal base-font-primary base-text-neutral-low-500 base-text-left\">\u201cCome\u00e7ou mais cedo l\u00e1 e em alguns pa\u00edses est\u00e1 chamando a aten\u00e7\u00e3o, mas o final da temporada \u00e9 que vai nos revelar\u201d, disse.<\/p>\n<p class=\"jarvics:base-text-neutral-high-400 base-text-[calc(theme(fontSize.xs)_*_var(--font-size,_1))] base-font-normal base-font-primary base-text-neutral-low-500 base-text-left\"><b>Fique por dentro das principais not\u00edcias do dia no Brasil e no mundo. <\/b><a href=\"https:\/\/whatsapp.com\/channel\/0029Va6eEELGZNCyryabmO1m\" rel=\"nofollow noopener\" target=\"_blank\"><b>Siga o canal do R7<\/b><\/a><b>, o portal de not\u00edcias da RECORD, no WhatsApp<\/b><\/p>\n","protected":false},"excerpt":{"rendered":"LEIA AQUI O RESUMO DA NOT\u00cdCIA A Opas alerta que a temporada de gripe de 2026 pode ser&hellip;\n","protected":false},"author":2,"featured_media":186714,"comment_status":"","ping_status":"","sticky":false,"template":"","format":"standard","meta":{"footnotes":""},"categories":[86],"tags":[1418,116,2778,32,33,117],"class_list":{"0":"post-186713","1":"post","2":"type-post","3":"status-publish","4":"format-standard","5":"has-post-thumbnail","7":"category-saude","8":"tag-gripe","9":"tag-health","10":"tag-oms","11":"tag-portugal","12":"tag-pt","13":"tag-saude"},"share_on_mastodon":{"url":"https:\/\/pubeurope.com\/@pt\/115712868529379925","error":""},"_links":{"self":[{"href":"https:\/\/www.europesays.com\/pt\/wp-json\/wp\/v2\/posts\/186713","targetHints":{"allow":["GET"]}}],"collection":[{"href":"https:\/\/www.europesays.com\/pt\/wp-json\/wp\/v2\/posts"}],"about":[{"href":"https:\/\/www.europesays.com\/pt\/wp-json\/wp\/v2\/types\/post"}],"author":[{"embeddable":true,"href":"https:\/\/www.europesays.com\/pt\/wp-json\/wp\/v2\/users\/2"}],"replies":[{"embeddable":true,"href":"https:\/\/www.europesays.com\/pt\/wp-json\/wp\/v2\/comments?post=186713"}],"version-history":[{"count":0,"href":"https:\/\/www.europesays.com\/pt\/wp-json\/wp\/v2\/posts\/186713\/revisions"}],"wp:featuredmedia":[{"embeddable":true,"href":"https:\/\/www.europesays.com\/pt\/wp-json\/wp\/v2\/media\/186714"}],"wp:attachment":[{"href":"https:\/\/www.europesays.com\/pt\/wp-json\/wp\/v2\/media?parent=186713"}],"wp:term":[{"taxonomy":"category","embeddable":true,"href":"https:\/\/www.europesays.com\/pt\/wp-json\/wp\/v2\/categories?post=186713"},{"taxonomy":"post_tag","embeddable":true,"href":"https:\/\/www.europesays.com\/pt\/wp-json\/wp\/v2\/tags?post=186713"}],"curies":[{"name":"wp","href":"https:\/\/api.w.org\/{rel}","templated":true}]}}