{"id":186721,"date":"2025-12-13T15:10:56","date_gmt":"2025-12-13T15:10:56","guid":{"rendered":"https:\/\/www.europesays.com\/pt\/186721\/"},"modified":"2025-12-13T15:10:56","modified_gmt":"2025-12-13T15:10:56","slug":"benfica-mourinho-nao-faz-antevisao-ao-encontro-com-o-moreirense","status":"publish","type":"post","link":"https:\/\/www.europesays.com\/pt\/186721\/","title":{"rendered":"Benfica: Mourinho n\u00e3o faz antevis\u00e3o ao encontro com o Moreirense"},"content":{"rendered":"<p>Jos\u00e9 Mourinho n\u00e3o vai realizar a habitual confer\u00eancia de imprensa de antevis\u00e3o ao encontro entre Moreirense e Benfica.<\/p>\n<p>O t\u00e9cnico das \u00e1guias falar\u00e1 apenas \u00e0 BTV, na manh\u00e3 deste s\u00e1bado, tal como j\u00e1 tinha acontecido antes dos jogos do Casa Pia e do Nacional. Antes da rece\u00e7\u00e3o ao Casa Pia, Mourinho n\u00e3o falou aos jornalistas por coincidir com a data da segunda volta das elei\u00e7\u00f5es no Benfica e, na antevis\u00e3o ao Nacional, o treinador tamb\u00e9m ficou em sil\u00eancio, ap\u00f3s um encontro para a Liga dos Campe\u00f5es.<\/p>\n<p>Recorde-se que as \u00e1guias medem for\u00e7as com os c\u00f3negos, este domingo (18h00), no Est\u00e1dio Comendador Joaquim de Almeida Freitas.<\/p>\n","protected":false},"excerpt":{"rendered":"Jos\u00e9 Mourinho n\u00e3o vai realizar a habitual confer\u00eancia de imprensa de antevis\u00e3o ao encontro entre Moreirense e Benfica.&hellip;\n","protected":false},"author":2,"featured_media":186722,"comment_status":"","ping_status":"","sticky":false,"template":"","format":"standard","meta":{"footnotes":""},"categories":[8],"tags":[956,51,27,28,9062,15,16,14,1385,25,26,36,21,22,46,8343,12,13,19,20,32,23,24,33,47,17,18,29,30,31],"class_list":{"0":"post-186721","1":"post","2":"type-post","3":"status-publish","4":"format-standard","5":"has-post-thumbnail","7":"category-principais-noticias","8":"tag-antevisao","9":"tag-benfica","10":"tag-breaking-news","11":"tag-breakingnews","12":"tag-conferencia-de-imprensa","13":"tag-featured-news","14":"tag-featurednews","15":"tag-headlines","16":"tag-jose-mourinho","17":"tag-latest-news","18":"tag-latestnews","19":"tag-liga","20":"tag-main-news","21":"tag-mainnews","22":"tag-maisfutebol","23":"tag-moreirense","24":"tag-news","25":"tag-noticias","26":"tag-noticias-principais","27":"tag-noticiasprincipais","28":"tag-portugal","29":"tag-principais-noticias","30":"tag-principaisnoticias","31":"tag-pt","32":"tag-pura-paixao","33":"tag-top-stories","34":"tag-topstories","35":"tag-ultimas","36":"tag-ultimas-noticias","37":"tag-ultimasnoticias"},"share_on_mastodon":{"url":"https:\/\/pubeurope.com\/@pt\/115712903433676209","error":""},"_links":{"self":[{"href":"https:\/\/www.europesays.com\/pt\/wp-json\/wp\/v2\/posts\/186721","targetHints":{"allow":["GET"]}}],"collection":[{"href":"https:\/\/www.europesays.com\/pt\/wp-json\/wp\/v2\/posts"}],"about":[{"href":"https:\/\/www.europesays.com\/pt\/wp-json\/wp\/v2\/types\/post"}],"author":[{"embeddable":true,"href":"https:\/\/www.europesays.com\/pt\/wp-json\/wp\/v2\/users\/2"}],"replies":[{"embeddable":true,"href":"https:\/\/www.europesays.com\/pt\/wp-json\/wp\/v2\/comments?post=186721"}],"version-history":[{"count":0,"href":"https:\/\/www.europesays.com\/pt\/wp-json\/wp\/v2\/posts\/186721\/revisions"}],"wp:featuredmedia":[{"embeddable":true,"href":"https:\/\/www.europesays.com\/pt\/wp-json\/wp\/v2\/media\/186722"}],"wp:attachment":[{"href":"https:\/\/www.europesays.com\/pt\/wp-json\/wp\/v2\/media?parent=186721"}],"wp:term":[{"taxonomy":"category","embeddable":true,"href":"https:\/\/www.europesays.com\/pt\/wp-json\/wp\/v2\/categories?post=186721"},{"taxonomy":"post_tag","embeddable":true,"href":"https:\/\/www.europesays.com\/pt\/wp-json\/wp\/v2\/tags?post=186721"}],"curies":[{"name":"wp","href":"https:\/\/api.w.org\/{rel}","templated":true}]}}