{"id":186732,"date":"2025-12-13T15:22:12","date_gmt":"2025-12-13T15:22:12","guid":{"rendered":"https:\/\/www.europesays.com\/pt\/186732\/"},"modified":"2025-12-13T15:22:12","modified_gmt":"2025-12-13T15:22:12","slug":"nova-taxa-de-3e-na-europa","status":"publish","type":"post","link":"https:\/\/www.europesays.com\/pt\/186732\/","title":{"rendered":"nova taxa de 3\u20ac na Europa"},"content":{"rendered":"<p>As lojas online chinesas t\u00eam estado a fazer um verdadeiro sucesso na Europa. Com pre\u00e7os acess\u00edveis, todos optam por estas alternativas, que nem sempre cumprem os requisitos legais e aduaneiros. Isso vai mudar em breve, ao passar a ser cobrada taxa de 3\u20ac em pequenas encomendas.<\/p>\n<p><a target=\"_blank\" href=\"https:\/\/pplware.sapo.pt\/wp-content\/uploads\/2025\/12\/europa_1.jpg\" onclick=\"refreshIframe()\" class=\"foobox\" rel=\"nofollow noopener\"><img fetchpriority=\"high\" decoding=\"async\" src=\"https:\/\/www.europesays.com\/pt\/wp-content\/uploads\/2025\/12\/europa_1-1024x576.jpg\" alt=\"Europa encomendas taxa\" width=\"720\" height=\"405\" class=\"aligncenter size-large wp-image-1093181\"  \/><\/a>\n<\/p>\n<p>Uma nova taxa de 3\u20ac em todas as encomendas<\/p>\n<p>A partir de 1 de julho, as encomendas de baixo valor com origem fora da Uni\u00e3o Europeia estar\u00e3o sujeitas a uma taxa aduaneira de 3 euros. Os principais alvos s\u00e3o os mercados online chineses. \u00c9 oficial. Ap\u00f3s a decis\u00e3o do m\u00eas passado, os ministros das Finan\u00e7as dos Estados-membros da Uni\u00e3o Europeia ratificaram a elimina\u00e7\u00e3o da isen\u00e7\u00e3o de direitos aduaneiros &#8220;sobre as coisas m\u00ednimas&#8221; para encomendas com um valor inferior a 150 euros. <\/p>\n<p>Esta isen\u00e7\u00e3o estava inicialmente prevista para expirar em 2028, mas a press\u00e3o de certos pa\u00edses acelerou o processo. Os produtos adquiridos nos mercados online chineses (Shein, Temu e AliExpress) t\u00eam, nos \u00faltimos anos, sobrecarregado os servi\u00e7os aduaneiros e criado uma concorr\u00eancia desleal para os vendedores sediados na UE.<\/p>\n<p>Estes produtos podem tamb\u00e9m representar graves problemas de sa\u00fade e seguran\u00e7a, al\u00e9m de suscitarem preocupa\u00e7\u00f5es ambientais. As autoridades est\u00e3o particularmente preocupadas com o enorme fluxo de bens baratos enviados diretamente da China para os consumidores europeus. <\/p>\n<p><a target=\"_blank\" href=\"https:\/\/pplware.sapo.pt\/wp-content\/uploads\/2025\/12\/lojas_online_1.jpg\" onclick=\"refreshIframe()\" class=\"foobox\" rel=\"nofollow noopener\"><img loading=\"lazy\" decoding=\"async\" src=\"https:\/\/www.europesays.com\/pt\/wp-content\/uploads\/2025\/12\/lojas_online_1-1024x576.jpg\" alt=\"Europa encomendas taxa\" width=\"720\" height=\"405\" class=\"aligncenter size-large wp-image-1093180\"  \/><\/a><\/p>\n<p>Compras online mais caras na Europa<\/p>\n<p>O volume destas remessas explodiu e 4,6 mil milh\u00f5es de encomendas de baixo valor entraram na UE no ano passado, o dobro do ano anterior. Mais de 90% delas tiveram origem na China. Espera-se que as importa\u00e7\u00f5es aumentem ainda mais este ano.<\/p>\n<p>Para reduzir estes volumes, os ministros das Finan\u00e7as acordaram uma taxa fixa de 3 euros, que ser\u00e1 aplicada a partir de 1 de julho de 2026. E n\u00e3o s\u00f3. A Comiss\u00e3o Europeia est\u00e1 a considerar a introdu\u00e7\u00e3o de uma taxa de processamento adicional de 2 \u20ac por encomenda, cuja data de implementa\u00e7\u00e3o ainda n\u00e3o est\u00e1 definida. <\/p>\n<p>Cada pa\u00eds pode tamb\u00e9m implementar as suas pr\u00f3prias barreiras alfandeg\u00e1rias. H\u00e1 pa\u00edses a considerar cobrar uma taxa de 2 \u20ac por cada pequena encomenda importada de um pa\u00eds fora da Europa. Em conjunto, estes impostos ir\u00e3o impactar significativamente o valor final da compra. Isto \u00e9 suficiente para arrefecer o entusiasmo dos consumidores de moda r\u00e1pida.<\/p>\n","protected":false},"excerpt":{"rendered":"As lojas online chinesas t\u00eam estado a fazer um verdadeiro sucesso na Europa. Com pre\u00e7os acess\u00edveis, todos optam&hellip;\n","protected":false},"author":2,"featured_media":186733,"comment_status":"","ping_status":"","sticky":false,"template":"","format":"standard","meta":{"footnotes":""},"categories":[83],"tags":[88,89,90,26226,445,32,33,15153],"class_list":{"0":"post-186732","1":"post","2":"type-post","3":"status-publish","4":"format-standard","5":"has-post-thumbnail","7":"category-empresas","8":"tag-business","9":"tag-economy","10":"tag-empresas","11":"tag-encomendas","12":"tag-europa","13":"tag-portugal","14":"tag-pt","15":"tag-taxa"},"share_on_mastodon":{"url":"https:\/\/pubeurope.com\/@pt\/115712946780324338","error":""},"_links":{"self":[{"href":"https:\/\/www.europesays.com\/pt\/wp-json\/wp\/v2\/posts\/186732","targetHints":{"allow":["GET"]}}],"collection":[{"href":"https:\/\/www.europesays.com\/pt\/wp-json\/wp\/v2\/posts"}],"about":[{"href":"https:\/\/www.europesays.com\/pt\/wp-json\/wp\/v2\/types\/post"}],"author":[{"embeddable":true,"href":"https:\/\/www.europesays.com\/pt\/wp-json\/wp\/v2\/users\/2"}],"replies":[{"embeddable":true,"href":"https:\/\/www.europesays.com\/pt\/wp-json\/wp\/v2\/comments?post=186732"}],"version-history":[{"count":0,"href":"https:\/\/www.europesays.com\/pt\/wp-json\/wp\/v2\/posts\/186732\/revisions"}],"wp:featuredmedia":[{"embeddable":true,"href":"https:\/\/www.europesays.com\/pt\/wp-json\/wp\/v2\/media\/186733"}],"wp:attachment":[{"href":"https:\/\/www.europesays.com\/pt\/wp-json\/wp\/v2\/media?parent=186732"}],"wp:term":[{"taxonomy":"category","embeddable":true,"href":"https:\/\/www.europesays.com\/pt\/wp-json\/wp\/v2\/categories?post=186732"},{"taxonomy":"post_tag","embeddable":true,"href":"https:\/\/www.europesays.com\/pt\/wp-json\/wp\/v2\/tags?post=186732"}],"curies":[{"name":"wp","href":"https:\/\/api.w.org\/{rel}","templated":true}]}}