{"id":186748,"date":"2025-12-13T15:49:35","date_gmt":"2025-12-13T15:49:35","guid":{"rendered":"https:\/\/www.europesays.com\/pt\/186748\/"},"modified":"2025-12-13T15:49:35","modified_gmt":"2025-12-13T15:49:35","slug":"onew-do-shinee-esclarece-suposta-ligacao-com-medica-envolvida-em-polemica-de-park-na-rae","status":"publish","type":"post","link":"https:\/\/www.europesays.com\/pt\/186748\/","title":{"rendered":"Onew, do SHINee, esclarece suposta liga\u00e7\u00e3o com m\u00e9dica envolvida em pol\u00eamica de Park Na Rae"},"content":{"rendered":"<p>Na \u00faltima quinta-feira, 11 de dezembro, o integrante do <a href=\"https:\/\/recreio.com.br\/tags\/k-pop\" target=\"_blank\" rel=\"noopener nofollow\">SHINee<\/a>,\u00a0<strong>ONEW,\u00a0<\/strong>abordou a recente pol\u00eamica a respeito de seu suposto envolvimento com as \u201ctias das inje\u00e7\u00f5es\u201d, termo utilizado recentemente para denominar servi\u00e7os m\u00e9dicos ilegais que injetam soro intravenoso classificado como medicamento controlado.<\/p>\n<p>A controv\u00e9rsia repercutiu no pa\u00eds principalmente pelas \u00faltimas acusa\u00e7\u00f5es do envolvimento da comediante e atriz,\u00a0<strong>Park Na Rae,\u00a0<\/strong>com a ilegalidade. Segundo a m\u00eddia sul-coreana, registros da assinatura do cantor em um CD de uma das pessoas que fazem este tipo de crime vieram \u00e0 tona da internet.<\/p>\n<p>No posicionamento oficial da\u00a0<strong>ONEW,\u00a0<\/strong>divulgado atrav\u00e9s da ag\u00eancia que administra sua carreira atualmente, a <a href=\"https:\/\/www.instagram.com\/griffinenter\/\" target=\"_blank\" rel=\"noopener nofollow\">GRIFFIN Entertainment<\/a>, ele esclarece que em meados de 2022 visitou a cl\u00ednica de uma das m\u00e9dicas por recomenda\u00e7\u00e3o, sem ter conhecimento do trabalho il\u00edcito a qual estava envolvida. O idol relata que autografou o disco em agradecimento ao tratamento recebido ap\u00f3s realizar um procedimento na pele.<\/p>\n<p>Por fim, a <a href=\"https:\/\/recreio.com.br\/noticias\/entretenimento\/hybe-entra-para-o-big-4-do-mercado-global-de-shows-e-se-consolida-no-topo-do-entretenimento.phtml\" target=\"_blank\" rel=\"noopener nofollow\">gravadora<\/a> e o l\u00edder do SHINee pedem perd\u00e3o aos f\u00e3s pelo ocorrido, pedindo para que informa\u00e7\u00f5es falsas sobre o artista n\u00e3o sejam circuladas sem fundamento.<\/p>\n<blockquote>\n<p>Ol\u00e1, aqui \u00e9 a GRIFFIN Entertainment.<br \/>Gostar\u00edamos de esclarecer os fatos referentes \u00e0 alegada associa\u00e7\u00e3o entre nosso artista Onew e a Sra. A, e compartilhar nossa posi\u00e7\u00e3o oficial.<br \/>Em abril de 2022, por recomenda\u00e7\u00e3o de um conhecido, Onew fez sua primeira visita a uma cl\u00ednica no bairro de Sinsa, onde a Sra. A trabalhava. Dado o tamanho da cl\u00ednica na \u00e9poca, ele n\u00e3o percebeu nenhum problema relacionado \u00e0 pol\u00eamica sobre licenciamento m\u00e9dico que circulava online naquele momento. A visita de Onew foi para tratar a pele, e o CD autografado foi apenas um gesto de agradecimento pelo tratamento recebido.<br \/>Lamentamos profundamente a amplifica\u00e7\u00e3o e reprodu\u00e7\u00e3o indiscriminada de relatos sem rela\u00e7\u00e3o com os fatos referentes ao nosso artista. Esperamos que n\u00e3o surjam mais especula\u00e7\u00f5es infundadas e continuaremos a fazer todo o poss\u00edvel para proteger a reputa\u00e7\u00e3o e os direitos do nosso artista.<br \/>Obrigado.<\/p>\n<\/blockquote>\n<p>Vale lembrar que, apesar de ter sa\u00eddo da SM Entertainment,\u00a0<strong><a href=\"https:\/\/pt.wikipedia.org\/wiki\/Onew\" target=\"_blank\" rel=\"noopener nofollow\">ONEW<\/a>\u00a0<\/strong>permanece com as atividades em grupo.<\/p>\n<p> Caso Park Na Rae <\/p>\n<p>No \u00faltimo final de semana, dia 06 de dezembro,\u00a0<strong>Park Na Rae\u00a0<\/strong>al\u00e9m de ser acusada de ass\u00e9dio no local de trabalho, agress\u00e3o qualificada e despesas de produ\u00e7\u00e3o n\u00e3o pagas por ex-empres\u00e1rios, tamb\u00e9m surgiu alega\u00e7\u00f5es de envolvimento com as \u201ctias das inje\u00e7\u00f5es\u201d, ou seja, prescri\u00e7\u00e3o indevida de medicamentos.<\/p>\n<p>Em consequ\u00eancia ao ocorrido, a comediante e atriz deu uma pausa na carreira e foi retirada dos programas de variedade \u201c<a href=\"https:\/\/www.viki.com\/tv\/35553c-home-alone\" target=\"_blank\" rel=\"noopener nofollow\">Home Alone<\/a>\u201c, \u201cWhere Is My Home\u201d e \u201cAmazing Saturday\u201d.<\/p>\n<p>\t                                            <script async src=\"\/\/www.instagram.com\/embed.js\"><\/script><\/p>\n","protected":false},"excerpt":{"rendered":"Na \u00faltima quinta-feira, 11 de dezembro, o integrante do SHINee,\u00a0ONEW,\u00a0abordou a recente pol\u00eamica a respeito de seu suposto&hellip;\n","protected":false},"author":2,"featured_media":186749,"comment_status":"","ping_status":"","sticky":false,"template":"","format":"standard","meta":{"footnotes":""},"categories":[141],"tags":[114,115,1688,149,150,37901,37902,32,33,25034],"class_list":{"0":"post-186748","1":"post","2":"type-post","3":"status-publish","4":"format-standard","5":"has-post-thumbnail","7":"category-musica","8":"tag-entertainment","9":"tag-entretenimento","10":"tag-k-pop","11":"tag-music","12":"tag-musica","13":"tag-onew","14":"tag-park-na-rae","15":"tag-portugal","16":"tag-pt","17":"tag-shinee"},"share_on_mastodon":{"url":"https:\/\/pubeurope.com\/@pt\/115713052737302840","error":""},"_links":{"self":[{"href":"https:\/\/www.europesays.com\/pt\/wp-json\/wp\/v2\/posts\/186748","targetHints":{"allow":["GET"]}}],"collection":[{"href":"https:\/\/www.europesays.com\/pt\/wp-json\/wp\/v2\/posts"}],"about":[{"href":"https:\/\/www.europesays.com\/pt\/wp-json\/wp\/v2\/types\/post"}],"author":[{"embeddable":true,"href":"https:\/\/www.europesays.com\/pt\/wp-json\/wp\/v2\/users\/2"}],"replies":[{"embeddable":true,"href":"https:\/\/www.europesays.com\/pt\/wp-json\/wp\/v2\/comments?post=186748"}],"version-history":[{"count":0,"href":"https:\/\/www.europesays.com\/pt\/wp-json\/wp\/v2\/posts\/186748\/revisions"}],"wp:featuredmedia":[{"embeddable":true,"href":"https:\/\/www.europesays.com\/pt\/wp-json\/wp\/v2\/media\/186749"}],"wp:attachment":[{"href":"https:\/\/www.europesays.com\/pt\/wp-json\/wp\/v2\/media?parent=186748"}],"wp:term":[{"taxonomy":"category","embeddable":true,"href":"https:\/\/www.europesays.com\/pt\/wp-json\/wp\/v2\/categories?post=186748"},{"taxonomy":"post_tag","embeddable":true,"href":"https:\/\/www.europesays.com\/pt\/wp-json\/wp\/v2\/tags?post=186748"}],"curies":[{"name":"wp","href":"https:\/\/api.w.org\/{rel}","templated":true}]}}