{"id":186788,"date":"2025-12-13T16:33:09","date_gmt":"2025-12-13T16:33:09","guid":{"rendered":"https:\/\/www.europesays.com\/pt\/186788\/"},"modified":"2025-12-13T16:33:09","modified_gmt":"2025-12-13T16:33:09","slug":"famosas-quebram-tabus-sobre-rejuvenescimentos-vaginais","status":"publish","type":"post","link":"https:\/\/www.europesays.com\/pt\/186788\/","title":{"rendered":"Famosas quebram tabus sobre rejuvenescimentos vaginais"},"content":{"rendered":"<p data-remotead-prev-elm=\"true\" data-remotead-elm-id=\"inread\">A partilha de Fernanda Serrano no programa das manh\u00e3s da TVI trouxe para a dianteira um tema que, durante muito tempo, permaneceu na sombra: a sa\u00fade \u00edntima feminina. A atriz explicou que, ap\u00f3s ter passado por tratamentos oncol\u00f3gicos, enfrentou altera\u00e7\u00f5es comuns a muitas mulheres a partir dos 40 anos, sobretudo na perimenopausa e na menopausa. Sublinhou que estas mudan\u00e7as continuam pouco faladas e que t\u00eam impacto direto no bem-estar di\u00e1rio.<\/p>\n<p>Ao lado da m\u00e9dica M\u00f3nica Ferreira, da MS Medical Institutes, Fernanda descreveu solu\u00e7\u00f5es capazes de tratar secura, dor, atrofia e perda de elasticidade, lembrando que estes problemas afetam autoestima, vida sexual e conforto f\u00edsico. Defendeu que se trata de &#8220;um tema muito s\u00e9rio e, at\u00e9 h\u00e1 pouco tempo, desconhecido para muitas de n\u00f3s&#8221;, e que a divulga\u00e7\u00e3o de informa\u00e7\u00e3o clara \u00e9 essencial para reduzir o estigma.<\/p>\n<p>A rea\u00e7\u00e3o nas redes sociais evidenciou que o assunto continua sens\u00edvel. Cristina Ferreira lamentou os coment\u00e1rios negativos dirigidos \u00e0 atriz e considerou que revelavam falta de literacia sobre o corpo feminino, refor\u00e7ando que discutir estas quest\u00f5es com rigor \u00e9 fundamental para que mais mulheres se sintam \u00e0 vontade para procurar ajuda.<\/p>\n<p>Conversa que avan\u00e7a<\/p>\n<p data-remotead-prev-elm=\"true\" data-remotead-elm-id=\"centro1\">Fora de Portugal, o tema \u00e9 abordado com maior naturalidade. Nos Estados Unidos, Khlo\u00e9 Kardashian contou no programa &#8220;Kocktails with Khlo\u00e9&#8221; que as irm\u00e3s Kim e Kourtney recorreram ao laser vaginal ap\u00f3s as gravidezes. H\u00e1 uns anos, Jada Pinkett Smith revelou no &#8220;Red table talk&#8221; que realizou tr\u00eas sess\u00f5es e sentiu uma melhoria evidente, dando visibilidade mundial ao procedimento.<\/p>\n<p><img decoding=\"async\" class=\"ngx-body\" guid=\"3d83c966-cb3c-4da5-8f5d-8deddd5861f1\" src=\"https:\/\/www.europesays.com\/pt\/wp-content\/uploads\/2025\/12\/1765643589_557_image.webp\" width=\"100%\"\/>Kim Kardashian recorreu ao laser vaginal (Foto: Bertrand Guay\/AFP)<\/p>\n<p>No Brasil, v\u00e1rias figuras p\u00fablicas t\u00eam falado abertamente sobre o assunto. Anitta admitiu ter feito labioplastia por raz\u00f5es est\u00e9ticas e funcionais. Virg\u00ednia Fonseca e Ma\u00edra Cardi abordam com frequ\u00eancia tratamentos \u00edntimos junto das suas audi\u00eancias. Gretchen, de 64 anos, contou ter feito um rejuvenescimento vaginal e mostrou-se satisfeita com o resultado.<\/p>\n<p data-remotead-prev-elm=\"true\" data-remotead-elm-id=\"centro2\"><img decoding=\"async\" class=\"ngx-body\" guid=\"c1407f26-6b5e-476c-88cc-3477238bda2e\" src=\"https:\/\/www.europesays.com\/pt\/wp-content\/uploads\/2025\/12\/1765643589_736_image.webp\" width=\"100%\"\/>Anitta tamb\u00e9m fez cirurgia (Foto: Daniel Ramalho\/AFP)<\/p>\n<p>De volta a Portugal, a ginecologista Paula Ram\u00f4a, do Hospital Lus\u00edadas Porto, lembra que a vulva e a vagina envelhecem e que essas altera\u00e7\u00f5es podem provocar secura, dor, infe\u00e7\u00f5es e perda de elasticidade. A unidade refere no seu site que realizou cerca de uma centena de tratamentos no \u00faltimo ano, maioritariamente com tecnologia laser, com retorno positivo das pacientes. Embora muitos procedimentos aconte\u00e7am em cl\u00ednicas privadas, t\u00e9cnicas dirigidas a problemas cl\u00ednicos, como a s\u00edndrome geniturin\u00e1ria da menopausa ou a incontin\u00eancia ligeira, podem tamb\u00e9m ser realizadas no Servi\u00e7o Nacional de Sa\u00fade (SNS) mediante avalia\u00e7\u00e3o e indica\u00e7\u00e3o m\u00e9dica.<\/p>\n<p>Os valores variam consoante a t\u00e9cnica. Uma sess\u00e3o de laser vaginal no setor privado pode situar-se entre 200 e 400 euros, sendo comum a recomenda\u00e7\u00e3o de tr\u00eas sess\u00f5es. Cirurgias como labioplastia ou vaginoplastia ultrapassam frequentemente os dois mil euros. No SNS, quando existe indica\u00e7\u00e3o cl\u00ednica, os custos limitam-se \u00e0s taxas moderadoras.<\/p>\n<p>A forma aberta como algumas figuras p\u00fablicas falam hoje de sa\u00fade \u00edntima est\u00e1 a quebrar tabus. Para muitas mulheres, estas hist\u00f3rias funcionam como portas que se abrem, permitindo reconhecer necessidades, esclarecer d\u00favidas e chegar a cuidados capazes de melhorar conforto e bem-estar.<\/p>\n","protected":false},"excerpt":{"rendered":"A partilha de Fernanda Serrano no programa das manh\u00e3s da TVI trouxe para a dianteira um tema que,&hellip;\n","protected":false},"author":2,"featured_media":186789,"comment_status":"","ping_status":"","sticky":false,"template":"","format":"standard","meta":{"footnotes":""},"categories":[145],"tags":[2235,211,210,114,115,1408,5051,31015,32,33,37866],"class_list":{"0":"post-186788","1":"post","2":"type-post","3":"status-publish","4":"format-standard","5":"has-post-thumbnail","7":"category-celebridades","8":"tag-anitta","9":"tag-celebridades","10":"tag-celebrities","11":"tag-entertainment","12":"tag-entretenimento","13":"tag-fernanda-serrano","14":"tag-kim-kardashian","15":"tag-kourtney-kardashian","16":"tag-portugal","17":"tag-pt","18":"tag-rejuvenescimento"},"share_on_mastodon":{"url":"https:\/\/pubeurope.com\/@pt\/115713226305233555","error":""},"_links":{"self":[{"href":"https:\/\/www.europesays.com\/pt\/wp-json\/wp\/v2\/posts\/186788","targetHints":{"allow":["GET"]}}],"collection":[{"href":"https:\/\/www.europesays.com\/pt\/wp-json\/wp\/v2\/posts"}],"about":[{"href":"https:\/\/www.europesays.com\/pt\/wp-json\/wp\/v2\/types\/post"}],"author":[{"embeddable":true,"href":"https:\/\/www.europesays.com\/pt\/wp-json\/wp\/v2\/users\/2"}],"replies":[{"embeddable":true,"href":"https:\/\/www.europesays.com\/pt\/wp-json\/wp\/v2\/comments?post=186788"}],"version-history":[{"count":0,"href":"https:\/\/www.europesays.com\/pt\/wp-json\/wp\/v2\/posts\/186788\/revisions"}],"wp:featuredmedia":[{"embeddable":true,"href":"https:\/\/www.europesays.com\/pt\/wp-json\/wp\/v2\/media\/186789"}],"wp:attachment":[{"href":"https:\/\/www.europesays.com\/pt\/wp-json\/wp\/v2\/media?parent=186788"}],"wp:term":[{"taxonomy":"category","embeddable":true,"href":"https:\/\/www.europesays.com\/pt\/wp-json\/wp\/v2\/categories?post=186788"},{"taxonomy":"post_tag","embeddable":true,"href":"https:\/\/www.europesays.com\/pt\/wp-json\/wp\/v2\/tags?post=186788"}],"curies":[{"name":"wp","href":"https:\/\/api.w.org\/{rel}","templated":true}]}}