{"id":186814,"date":"2025-12-13T17:02:37","date_gmt":"2025-12-13T17:02:37","guid":{"rendered":"https:\/\/www.europesays.com\/pt\/186814\/"},"modified":"2025-12-13T17:02:37","modified_gmt":"2025-12-13T17:02:37","slug":"trump-assina-lei-que-impede-estados-de-aplicarem-as-suas-proprias-regras-de-ia-eua","status":"publish","type":"post","link":"https:\/\/www.europesays.com\/pt\/186814\/","title":{"rendered":"Trump assina lei que impede estados de aplicarem as suas pr\u00f3prias regras de IA | EUA"},"content":{"rendered":"<p>O Presidente dos Estados Unidos, Donald Trump, assinou nesta quinta-feira uma lei executiva que visa impedir os estados do pa\u00eds de aplicarem as suas pr\u00f3prias regula\u00e7\u00f5es relativamente \u00e0 intelig\u00eancia artificial (IA).<\/p>\n<p><a href=\"https:\/\/www.whitehouse.gov\/presidential-actions\/2025\/12\/eliminating-state-law-obstruction-of-national-artificial-intelligence-policy\/\" target=\"_blank\" rel=\"nofollow noopener\">Segundo o documento assinado<\/a>, \u201ca lei ir\u00e1 promover a seguran\u00e7a nacional e econ\u00f3mica dos Estados Unidos e a domin\u00e2ncia em v\u00e1rios dom\u00ednios.\u201d Para proteger os interesses dos EUA na actual corrida \u00e0 IA, Donald Trump v\u00ea como necess\u00e1ria a exist\u00eancia de \u201capenas uma fonte de aprova\u00e7\u00e3o\u201d, disse o Presidente norte-americano aos rep\u00f3rteres na Sala Oval.<\/p>\n<p>Est\u00e1 tamb\u00e9m prevista a cria\u00e7\u00e3o de uma equipa de peritos que ter\u00e1 como \u201c\u00fanica responsabilidade\u201d desafiar as regula\u00e7\u00f5es de IA que os estados possam desenvolver.<\/p>\n<p>A medida representa uma vit\u00f3ria para os gigantes tecnol\u00f3gicos,<a href=\"https:\/\/www.publico.pt\/2025\/10\/14\/enter\/noticia\/inteligencia-artificial-estar-topo-prioridades-governos-2150809\" rel=\"nofollow noopener\" target=\"_blank\"> que t\u00eam pedido legisla\u00e7\u00e3o federal sobre IA<\/a>. Os l\u00edderes destas empresas t\u00eam argumentado que <a href=\"https:\/\/www.publico.pt\/2025\/11\/06\/enter\/noticia\/ceo-nvidia-avisa-china-vai-ganhar-corrida-inteligencia-artificial-2153618\" rel=\"nofollow noopener\" target=\"_blank\">regula\u00e7\u00f5es a n\u00edvel estatal poderiam abrandar a inova\u00e7\u00e3o e prejudicar os EUA<\/a> na sua corrida contra a China para dominar a ind\u00fastria.<\/p>\n<p>V\u00e1rios governadores e membros de grupos de direitos civis opuseram-se \u00e0 medida avan\u00e7ada pela Administra\u00e7\u00e3o Trump, afirmando que a ordem ir\u00e1 concentrar mais poder nas m\u00e3os das grandes tecnol\u00f3gicas.<\/p>\n<p>\u201cA campanha de Trump para amea\u00e7ar, assediar e punir estados que procuram aprovar regula\u00e7\u00f5es sensatas sobre IA \u00e9 apenas mais um cap\u00edtulo do seu manual de instru\u00e7\u00f5es para entregar o controlo de uma das tecnologias mais transformadoras do nosso tempo aos CEO das grandes tecnol\u00f3gicas\u201d, afirmou Teri Olle, vice-presidente da Ac\u00e7\u00e3o de Seguran\u00e7a Econ\u00f3mica da Calif\u00f3rnia.<\/p>\n<p>O estado da Calif\u00f3rnia, onde est\u00e1 sediada a maior parte destas empresas, j\u00e1 tem os seus pr\u00f3prios regulamentos. <a href=\"https:\/\/www.publico.pt\/2025\/08\/26\/mundo\/noticia\/gavin-newsom-reinventase-aprende-falar-maga-poe-democratas-jogar-ataque-2145042\" rel=\"nofollow noopener\" target=\"_blank\">Gavin Newsom<\/a>, o governador do estado democrata, que <a href=\"https:\/\/www.publico.pt\/2025\/08\/26\/mundo\/noticia\/gavin-newsom-reinventase-aprende-falar-maga-poe-democratas-jogar-ataque-2145042\" rel=\"nofollow noopener\" target=\"_blank\">tem sido um forte cr\u00edtico de Donald Trump<\/a>, reagiu \u00e0 ordem executiva acusando o Presidente norte-americano de corrup\u00e7\u00e3o.<\/p>\n<p>\u201cHoje, o Presidente Trump prosseguiu com a sua fraude permanente na Casa Branca, numa tentativa de enriquecer-se a si pr\u00f3prio e aos seus aliados, atrav\u00e9s de uma nova ordem executiva que visa sobrepor-se \u00e0s leis estaduais que protegem os americanos da tecnologia de IA sem regula\u00e7\u00e3o\u201d, disse o governador democrata.<\/p>\n<p>Para al\u00e9m da Calif\u00f3rnia, estados como o de Nova Iorque e Colorado tamb\u00e9m aprovaram regulamentos que visam limitar os riscos dos modelos de IA.<\/p>\n","protected":false},"excerpt":{"rendered":"O Presidente dos Estados Unidos, Donald Trump, assinou nesta quinta-feira uma lei executiva que visa impedir os estados&hellip;\n","protected":false},"author":2,"featured_media":186815,"comment_status":"","ping_status":"","sticky":false,"template":"","format":"standard","meta":{"footnotes":""},"categories":[50],"tags":[27,28,5914,92,246,413,15,16,14,933,25,26,21,22,62,12,13,19,20,23,24,17,18,29,30,31,63,64,65],"class_list":{"0":"post-186814","1":"post","2":"type-post","3":"status-publish","4":"format-standard","5":"has-post-thumbnail","7":"category-mundo","8":"tag-breaking-news","9":"tag-breakingnews","10":"tag-casa-branca","11":"tag-donald-trump","12":"tag-enter","13":"tag-eua","14":"tag-featured-news","15":"tag-featurednews","16":"tag-headlines","17":"tag-inteligencia-artificial","18":"tag-latest-news","19":"tag-latestnews","20":"tag-main-news","21":"tag-mainnews","22":"tag-mundo","23":"tag-news","24":"tag-noticias","25":"tag-noticias-principais","26":"tag-noticiasprincipais","27":"tag-principais-noticias","28":"tag-principaisnoticias","29":"tag-top-stories","30":"tag-topstories","31":"tag-ultimas","32":"tag-ultimas-noticias","33":"tag-ultimasnoticias","34":"tag-world","35":"tag-world-news","36":"tag-worldnews"},"share_on_mastodon":{"url":"https:\/\/pubeurope.com\/@pt\/115713339874800854","error":""},"_links":{"self":[{"href":"https:\/\/www.europesays.com\/pt\/wp-json\/wp\/v2\/posts\/186814","targetHints":{"allow":["GET"]}}],"collection":[{"href":"https:\/\/www.europesays.com\/pt\/wp-json\/wp\/v2\/posts"}],"about":[{"href":"https:\/\/www.europesays.com\/pt\/wp-json\/wp\/v2\/types\/post"}],"author":[{"embeddable":true,"href":"https:\/\/www.europesays.com\/pt\/wp-json\/wp\/v2\/users\/2"}],"replies":[{"embeddable":true,"href":"https:\/\/www.europesays.com\/pt\/wp-json\/wp\/v2\/comments?post=186814"}],"version-history":[{"count":0,"href":"https:\/\/www.europesays.com\/pt\/wp-json\/wp\/v2\/posts\/186814\/revisions"}],"wp:featuredmedia":[{"embeddable":true,"href":"https:\/\/www.europesays.com\/pt\/wp-json\/wp\/v2\/media\/186815"}],"wp:attachment":[{"href":"https:\/\/www.europesays.com\/pt\/wp-json\/wp\/v2\/media?parent=186814"}],"wp:term":[{"taxonomy":"category","embeddable":true,"href":"https:\/\/www.europesays.com\/pt\/wp-json\/wp\/v2\/categories?post=186814"},{"taxonomy":"post_tag","embeddable":true,"href":"https:\/\/www.europesays.com\/pt\/wp-json\/wp\/v2\/tags?post=186814"}],"curies":[{"name":"wp","href":"https:\/\/api.w.org\/{rel}","templated":true}]}}