{"id":186825,"date":"2025-12-13T17:12:11","date_gmt":"2025-12-13T17:12:11","guid":{"rendered":"https:\/\/www.europesays.com\/pt\/186825\/"},"modified":"2025-12-13T17:12:11","modified_gmt":"2025-12-13T17:12:11","slug":"claques-do-fc-porto-com-um-jogo-de-interdicao-apos-incidentes-em-alvalade","status":"publish","type":"post","link":"https:\/\/www.europesays.com\/pt\/186825\/","title":{"rendered":"Claques do FC Porto com um jogo de interdi\u00e7\u00e3o ap\u00f3s incidentes em Alvalade"},"content":{"rendered":"<p>J\u00e1 s\u00e3o conhecidas as consequ\u00eancias regulamentares dos desacatos ocorridos na &#8216;caixa&#8217; do Est\u00e1dio Jos\u00e9 Alvalade no Cl\u00e1ssico da quarta jornada do campeonato, entre Sporting e FC Porto, a 30 de agosto.<\/p>\n<p>Na altura, <strong><a href=\"https:\/\/maisfutebol.iol.pt\/sporting\/fc-porto\/adeptos-do-fc-porto-partem-vidros-da-caixa-de-seguranca-17-adeptos-do-sporting-feridos\" rel=\"nofollow noopener\" target=\"_blank\">17 adeptos do Sporting ficaram feridos <\/a><\/strong>pela queda de vidros provenientes da zona em que se encontravam adeptos do FC Porto. O Sporting enviou depois uma participa\u00e7\u00e3o ao Conselho de Disciplina da Federa\u00e7\u00e3o Portuguesa de Futebol, que j\u00e1 deliberou.<\/p>\n<p>A referida entidade emitiu um comunicado nesta sexta-feira em que anuncia a \u00abinterdi\u00e7\u00e3o tempor\u00e1ria dos setores correspondentes aos GOA &#8211; Grupos Organizados de Adeptos, Super Drag\u00f5es e Coletivo Ultras 95 por um jogo\u00bb, como san\u00e7\u00e3o.<\/p>\n<p>Al\u00e9m disso, o FC Porto paga uma multa de 3.825 euros pelo sucedido, no \u00e2mbito do processo disciplinar\u00a0n.\u00ba 29-25\/26.\u00a0<\/p>\n","protected":false},"excerpt":{"rendered":"J\u00e1 s\u00e3o conhecidas as consequ\u00eancias regulamentares dos desacatos ocorridos na &#8216;caixa&#8217; do Est\u00e1dio Jos\u00e9 Alvalade no Cl\u00e1ssico da&hellip;\n","protected":false},"author":2,"featured_media":186826,"comment_status":"","ping_status":"","sticky":false,"template":"","format":"standard","meta":{"footnotes":""},"categories":[87],"tags":[286,135,282,5560,36,46,32,26932,33,47,34,134],"class_list":{"0":"post-186825","1":"post","2":"type-post","3":"status-publish","4":"format-standard","5":"has-post-thumbnail","7":"category-desporto","8":"tag-conselho-de-disciplina","9":"tag-desporto","10":"tag-fc-porto","11":"tag-federacao-portuguesa-de-futebol","12":"tag-liga","13":"tag-maisfutebol","14":"tag-portugal","15":"tag-processo-disciplinar","16":"tag-pt","17":"tag-pura-paixao","18":"tag-sporting","19":"tag-sports"},"share_on_mastodon":{"url":"https:\/\/pubeurope.com\/@pt\/115713379403392443","error":""},"_links":{"self":[{"href":"https:\/\/www.europesays.com\/pt\/wp-json\/wp\/v2\/posts\/186825","targetHints":{"allow":["GET"]}}],"collection":[{"href":"https:\/\/www.europesays.com\/pt\/wp-json\/wp\/v2\/posts"}],"about":[{"href":"https:\/\/www.europesays.com\/pt\/wp-json\/wp\/v2\/types\/post"}],"author":[{"embeddable":true,"href":"https:\/\/www.europesays.com\/pt\/wp-json\/wp\/v2\/users\/2"}],"replies":[{"embeddable":true,"href":"https:\/\/www.europesays.com\/pt\/wp-json\/wp\/v2\/comments?post=186825"}],"version-history":[{"count":0,"href":"https:\/\/www.europesays.com\/pt\/wp-json\/wp\/v2\/posts\/186825\/revisions"}],"wp:featuredmedia":[{"embeddable":true,"href":"https:\/\/www.europesays.com\/pt\/wp-json\/wp\/v2\/media\/186826"}],"wp:attachment":[{"href":"https:\/\/www.europesays.com\/pt\/wp-json\/wp\/v2\/media?parent=186825"}],"wp:term":[{"taxonomy":"category","embeddable":true,"href":"https:\/\/www.europesays.com\/pt\/wp-json\/wp\/v2\/categories?post=186825"},{"taxonomy":"post_tag","embeddable":true,"href":"https:\/\/www.europesays.com\/pt\/wp-json\/wp\/v2\/tags?post=186825"}],"curies":[{"name":"wp","href":"https:\/\/api.w.org\/{rel}","templated":true}]}}