{"id":186831,"date":"2025-12-13T17:17:38","date_gmt":"2025-12-13T17:17:38","guid":{"rendered":"https:\/\/www.europesays.com\/pt\/186831\/"},"modified":"2025-12-13T17:17:38","modified_gmt":"2025-12-13T17:17:38","slug":"a-geracao-z-acaba-de-derrubar-um-governo-europeu","status":"publish","type":"post","link":"https:\/\/www.europesays.com\/pt\/186831\/","title":{"rendered":"A Gera\u00e7\u00e3o Z acaba de derrubar um governo europeu"},"content":{"rendered":"<p><strong>\u201cVox populi, vox dei\u201d. O or\u00e7amento foi \u201ca gota de \u00e1gua. A corrup\u00e7\u00e3o e o dinheiro que est\u00e1 a ser roubado \u00e9 o grande problema\u201d no segundo pa\u00eds mais corrupto da UE. O que se segue na Bulg\u00e1ria?<br \/><\/strong><\/p>\n<p>Pela primeira vez, na Europa. A <strong>Bulg\u00e1ria<\/strong> acaba de se tornar o primeiro pa\u00eds europeu a assistir \u00e0 queda de um governo \u00e0s m\u00e3os, essencialmente, da gera\u00e7\u00e3o Z.<\/p>\n<p>O governo de coliga\u00e7\u00e3o liderado pelo primeiro-ministro <strong>Rosen Zhelyazkov<\/strong> apresentou a demiss\u00e3o esta quinta-feira, ap\u00f3s semanas de protestos e manifesta\u00e7\u00f5es contra a <strong>corrup\u00e7\u00e3o end\u00e9mica<\/strong> e a perce\u00e7\u00e3o de que as elites pol\u00edticas vivem desligadas das dificuldades da popula\u00e7\u00e3o.<\/p>\n<p>O an\u00fancio foi feito no Parlamento, num discurso em que Zhelyazkov evocou, cita o <a href=\"https:\/\/www.wsj.com\/world\/europe\/wave-of-gen-z-unrest-fells-its-first-european-government-06e6a0c4?mod=world_trendingnow_article_pos5\" data-wpel-link=\"external\" target=\"_blank\" rel=\"nofollow external noopener noreferrer\" class=\"ext-link\">Wall Street Journal<\/a>, a m\u00e1xima latina <strong>\u201cVox populi, vox dei\u201d<\/strong> (\u201ca voz do povo \u00e9 a voz de Deus\u201d).<\/p>\n<p>\u201cTemos de atender \u00e0s suas exig\u00eancias. E a exig\u00eancia deles \u00e9 a demiss\u00e3o do governo\u201d, disse o agora antigo primeiro-ministro, que tinha chegado ao poder em janeiro, j\u00e1 num contexto de enorme instabilidade \u2014 foram <strong>sete elei\u00e7\u00f5es legislativas em quatro anos.<\/strong><\/p>\n<p>O plano or\u00e7amental para 2026, no qual o Governo planeava aumentar a despesa p\u00fablica, <strong>esgotou a paci\u00eancia<\/strong> dos manifestantes, que acusam o executivo de usar o or\u00e7amento como instrumento para refor\u00e7ar o controlo sobre institui\u00e7\u00f5es do Estado.\u00a0 Uma vaga de protestos que come\u00e7ou por reclamar contra o or\u00e7amento rapidamente se transformou num protesto contra a impunidade, a falta de condena\u00e7\u00f5es de alto n\u00edvel por corrup\u00e7\u00e3o e o que muitos descrevem como \u201ccaptura do Estado\u201d por interesses instalados.<\/p>\n<p>\u00c9 o que explica um dos manifestantes, com um nariz de porco como m\u00e1scara, \u00e0 <a href=\"https:\/\/www.france24.com\/en\/video\/20251212-political-instability-what-s-next-for-bulgaria-after-the-massive-gen-z-protests\" data-wpel-link=\"external\" target=\"_blank\" rel=\"nofollow external noopener noreferrer\" class=\"ext-link\">France24<\/a>. \u201cO protesto n\u00e3o \u00e9 de todo sobre o or\u00e7amento. O or\u00e7amento foi a <strong>gota de \u00e1gua<\/strong>. A corrup\u00e7\u00e3o e o dinheiro que est\u00e1 a ser roubado \u00e9 o grande problema para n\u00f3s\u201d, resume.<\/p>\n<p>Na quarta-feira \u00e0 noite, <strong>dezenas de milhares sa\u00edram \u00e0 rua em S\u00f3fia<\/strong> e noutras cidades b\u00falgaras. A mobiliza\u00e7\u00e3o deveu-se em grande parte pela divulga\u00e7\u00e3o no TikTok e outras redes sociais, onde circulam v\u00eddeos, memes e apelos \u00e0 participa\u00e7\u00e3o. Com \u201cGen Z is coming\u201d e \u201cGen Z vs. Corruption\u201d escrito nos cartazes, os manifestantes foram para a porta do Parlamento, onde um ecr\u00e3 gigante exibiu em loop conte\u00fados sat\u00edricos dirigidos a pol\u00edticos e partidos.<\/p>\n<p>A participa\u00e7\u00e3o de jovens em massa est\u00e1 a ser um dos aspetos mais destacados pela vaga de protestos que deitou abaixo o governo. Provavelmente \u201cencavalitados\u201d pelas mobiliza\u00e7\u00f5es juvenis que t\u00eam deitado abaixo regimes este ano e derrubado executivos em v\u00e1rias regi\u00f5es do mundo.Bangladesh, Sri Lanka\u2026 aconteceu em setembro no <a href=\"https:\/\/zap.aeiou.pt\/nepal-protestos-eleicao-discord-701054\" data-wpel-link=\"internal\" rel=\"nofollow noopener\" target=\"_blank\">Nepal<\/a>, de forma in\u00e9dita, onde a<strong> primeira-ministra interina foi eleita na rede social Discord<\/strong> depois de semanas de fortes protestos que abateram a \u201ct\u00f3xica pol\u00edtica tradicional\u201d; em outubro houve <strong>rea\u00e7\u00e3o popular sem precedentes<\/strong> em <a href=\"https:\/\/zap.aeiou.pt\/marrocos-protestos-revolucao-gen-z-703886\" data-wpel-link=\"internal\" rel=\"nofollow noopener\" target=\"_blank\">Marrocos<\/a>, tamb\u00e9m protagonizada pela Gera\u00e7\u00e3o Z com a ajuda das redes sociais; tamb\u00e9m no <a href=\"https:\/\/zap.aeiou.pt\/militares-e-povo-unidos-nas-ruas-de-madagascar-tentativa-de-tomada-do-poder-diz-presidente-705559\" data-wpel-link=\"internal\" rel=\"nofollow noopener\" target=\"_blank\">Madag\u00e1scar<\/a> , no mesmo m\u00eas, o presidente denunciou <strong>\u201ctentativa ilegal e for\u00e7ada de tomada do poder\u201d<\/strong>, quando um movimento da Gera\u00e7\u00e3o Z saiu \u00e0 rua contra os cortes cr\u00f3nicos de \u00e1gua e de energia.<\/p>\n<p>A gera\u00e7\u00e3o Z b\u00falgara cresceu depois do fim do regime comunista, em 1989. Hoje exige o fim da corrup\u00e7\u00e3o, da falta de transpar\u00eancia, da degrada\u00e7\u00e3o dos servi\u00e7os p\u00fablicos e da escassez de empregos bem remunerados que alimentam a emigra\u00e7\u00e3o.<\/p>\n<p>E <strong>nas redes sociais, as publica\u00e7\u00f5es tornam-se cada vez mais politizadas \u2014 mas de uma forma \u201cfixe\u201d.<\/strong> Aqueles que procuraram trazer o povo para as ruas (um grupo que envolveu atores e influencers) juntaram o \u00fatil ao agrad\u00e1vel para promover os protestos: colocaram as trends das redes sociais no contexto da manifesta\u00e7\u00e3o, com v\u00eddeos de \u201cget ready with me\u201d (\u201carranja-te comigo\u201d) para ir \u00e0 manifesta\u00e7\u00e3o, por exemplo.<\/p>\n<p>Euro chega em janeiro. O que se segue?<\/p>\n<p>Com cerca de 6,5 milh\u00f5es de habitantes e membro da Uni\u00e3o Europeia desde 2007, a Bulg\u00e1ria tem sido frequentemente descrita como <strong>um dos pa\u00edses mais afetados pela corrup\u00e7\u00e3o<\/strong> no bloco. A associa\u00e7\u00e3o Transpar\u00eancia Internacional classificou a Bulg\u00e1ria como o <strong>segundo pa\u00eds mais corrupto da UE<\/strong>, apenas atr\u00e1s da Hungria.<\/p>\n<p>A crise pol\u00edtica n\u00e3o podia chegar em pior altura para a Bulg\u00e1ria, que est\u00e1 a poucas semanas de aderir \u00e0 Zona Euro (a passagem est\u00e1 <a href=\"https:\/\/zap.aeiou.pt\/a-bulgaria-vai-aderir-ao-euro-em-janeiro-nem-todos-estao-satisfeitos-685393\" data-wpel-link=\"internal\" rel=\"nofollow noopener\" target=\"_blank\">prevista<\/a> para 1 de Janeiro). A queda do governo n\u00e3o dever\u00e1 impedir a mudan\u00e7a de moeda, mas acrescenta incerteza a um processo j\u00e1 complicado e aumenta a probabilidade de elei\u00e7\u00f5es antecipadas nos pr\u00f3ximos meses.<\/p>\n<p>A demiss\u00e3o do governo dever\u00e1 desencadear negocia\u00e7\u00f5es para a forma\u00e7\u00e3o de um novo executivo ou, mais provavelmente, uma ida \u00e0s urnas, uma vez que o cen\u00e1rio de nova coliga\u00e7\u00e3o est\u00e1 a ser dado como improv\u00e1vel. Entre os nomes apontados como poss\u00edvel benefici\u00e1rio da queda do executivo est\u00e1 o presidente <strong>Rumen Radev<\/strong>, o pol\u00edtico mais popular do pa\u00eds, que dever\u00e1 avan\u00e7ar com a cria\u00e7\u00e3o de um partido pr\u00f3prio para concorrer nas pr\u00f3ximas legislativas. Antigo piloto da for\u00e7a a\u00e9rea, Radev tem-se destacado por posi\u00e7\u00f5es cr\u00edticas em rela\u00e7\u00e3o ao apoio ocidental \u00e0 Ucr\u00e2nia na guerra com a R\u00fassia.<\/p>\n<p style=\"padding-left: 25px; margin-bottom: 10; font-family: Roboto, Arial, Helvetica, sans-serif; font-size: 15px\">&#13;<br \/>\n        Tom\u00e1s Guimar\u00e3es, ZAP \/\/ <a href=\"\" data-wpel-link=\"internal\"\/>&#13;\n    <\/p>\n<p>    <a href=\"https:\/\/zap.aeiou.pt\/subscrever-newsletter\" data-wpel-link=\"internal\" rel=\"nofollow noopener\" target=\"_blank\">&#13;<br \/>\n        <img loading=\"lazy\" decoding=\"async\" class=\"aligncenter size-full wp-image-575475\" src=\"https:\/\/www.europesays.com\/pt\/wp-content\/uploads\/2025\/12\/1765389371_545_2d51fe4a0ba54894421ead1809309ed9-1-450x140.jpg\" alt=\"Subscreva a Newsletter ZAP\" width=\"450\" height=\"140\"\/>&#13;<br \/>\n    <\/a><\/p>\n<p>                <a href=\"https:\/\/whatsapp.com\/channel\/0029VaIC4EE2f3EJZPPSbR34\" data-wpel-link=\"external\" target=\"_blank\" rel=\"nofollow external noopener noreferrer\" class=\"ext-link\">&#13;<br \/>\n                    <img loading=\"lazy\" decoding=\"async\" class=\"aligncenter size-full wp-image-575475\" src=\"https:\/\/www.europesays.com\/pt\/wp-content\/uploads\/2025\/12\/1765389371_770_c68c559d956d4ca20f435ed74a6e71e6.png\" alt=\"Siga-nos no WhatsApp\" width=\"175\" height=\"64\"\/>&#13;<br \/>\n                <\/a><\/p>\n<p>                <a href=\"https:\/\/news.google.com\/publications\/CAAiEHRwZondIV71PDjWNoqMduEqFAgKIhB0cGaJ3SFe9Tw41jaKjHbh?hl=en-US&amp;gl=US&amp;ceid=US%3Aen\" data-wpel-link=\"external\" target=\"_blank\" rel=\"nofollow external noopener noreferrer\" class=\"ext-link\">&#13;<br \/>\n                    <img loading=\"lazy\" decoding=\"async\" class=\"aligncenter size-full wp-image-575475\" src=\"https:\/\/www.europesays.com\/pt\/wp-content\/uploads\/2025\/12\/1765389372_556_5123dd8b087b644fdb8f8603acd1bad4.png\" alt=\"Siga-nos no Google News\" width=\"176\" height=\"64\"\/>&#13;<br \/>\n                <\/a><\/p>\n","protected":false},"excerpt":{"rendered":"\u201cVox populi, vox dei\u201d. O or\u00e7amento foi \u201ca gota de \u00e1gua. A corrup\u00e7\u00e3o e o dinheiro que est\u00e1&hellip;\n","protected":false},"author":2,"featured_media":186832,"comment_status":"","ping_status":"","sticky":false,"template":"","format":"standard","meta":{"footnotes":""},"categories":[50],"tags":[27,28,15599,269,4469,445,15,16,4006,14,25,26,21,22,62,12,13,19,20,4007,23,24,4256,17,18,29,30,31,636,63,64,65],"class_list":{"0":"post-186831","1":"post","2":"type-post","3":"status-publish","4":"format-standard","5":"has-post-thumbnail","7":"category-mundo","8":"tag-breaking-news","9":"tag-breakingnews","10":"tag-bulgaria","11":"tag-capa","12":"tag-corrupcao","13":"tag-europa","14":"tag-featured-news","15":"tag-featurednews","16":"tag-geopolitica","17":"tag-headlines","18":"tag-latest-news","19":"tag-latestnews","20":"tag-main-news","21":"tag-mainnews","22":"tag-mundo","23":"tag-news","24":"tag-noticias","25":"tag-noticias-principais","26":"tag-noticiasprincipais","27":"tag-politica-internacional","28":"tag-principais-noticias","29":"tag-principaisnoticias","30":"tag-protestos","31":"tag-top-stories","32":"tag-topstories","33":"tag-ultimas","34":"tag-ultimas-noticias","35":"tag-ultimasnoticias","36":"tag-uniao-europeia","37":"tag-world","38":"tag-world-news","39":"tag-worldnews"},"share_on_mastodon":{"url":"https:\/\/pubeurope.com\/@pt\/115713399182056784","error":""},"_links":{"self":[{"href":"https:\/\/www.europesays.com\/pt\/wp-json\/wp\/v2\/posts\/186831","targetHints":{"allow":["GET"]}}],"collection":[{"href":"https:\/\/www.europesays.com\/pt\/wp-json\/wp\/v2\/posts"}],"about":[{"href":"https:\/\/www.europesays.com\/pt\/wp-json\/wp\/v2\/types\/post"}],"author":[{"embeddable":true,"href":"https:\/\/www.europesays.com\/pt\/wp-json\/wp\/v2\/users\/2"}],"replies":[{"embeddable":true,"href":"https:\/\/www.europesays.com\/pt\/wp-json\/wp\/v2\/comments?post=186831"}],"version-history":[{"count":0,"href":"https:\/\/www.europesays.com\/pt\/wp-json\/wp\/v2\/posts\/186831\/revisions"}],"wp:featuredmedia":[{"embeddable":true,"href":"https:\/\/www.europesays.com\/pt\/wp-json\/wp\/v2\/media\/186832"}],"wp:attachment":[{"href":"https:\/\/www.europesays.com\/pt\/wp-json\/wp\/v2\/media?parent=186831"}],"wp:term":[{"taxonomy":"category","embeddable":true,"href":"https:\/\/www.europesays.com\/pt\/wp-json\/wp\/v2\/categories?post=186831"},{"taxonomy":"post_tag","embeddable":true,"href":"https:\/\/www.europesays.com\/pt\/wp-json\/wp\/v2\/tags?post=186831"}],"curies":[{"name":"wp","href":"https:\/\/api.w.org\/{rel}","templated":true}]}}