{"id":186839,"date":"2025-12-13T17:24:12","date_gmt":"2025-12-13T17:24:12","guid":{"rendered":"https:\/\/www.europesays.com\/pt\/186839\/"},"modified":"2025-12-13T17:24:12","modified_gmt":"2025-12-13T17:24:12","slug":"hbo-max-nega-provocacao-a-globo-em-vinheta-de-final-de-ano-13-12-2025-outro-canal","status":"publish","type":"post","link":"https:\/\/www.europesays.com\/pt\/186839\/","title":{"rendered":"HBO Max nega provoca\u00e7\u00e3o \u00e0 Globo em vinheta de final de ano &#8211; 13\/12\/2025 &#8211; Outro Canal"},"content":{"rendered":"<p>\n<strong class=\"c-signature__location\">Aracaju <\/strong>\n<\/p>\n<p><a href=\"https:\/\/f5.folha.uol.com.br\/cinema-e-series\/2025\/12\/giovanna-antonelli-protagoniza-vinheta-de-fim-de-ano-da-hbo-max-com-alfinetada-na-globo.shtml#:~:text=A%20HBO%20Max%20resolveu%20fazer,%22%2C%20cl%C3%A1ssico%20natalino%20da%20emissora.\" rel=\"nofollow noopener\" target=\"\">A HBO Max negou que sua campanha de final de ano<\/a> seja uma provoca\u00e7\u00e3o \u00e0 <a href=\"https:\/\/www1.folha.uol.com.br\/folha-topicos\/globo\/\" rel=\"nofollow noopener\" target=\"_blank\">Globo<\/a>. Clara Volpi, diretora s\u00eanior de marketing da <a href=\"https:\/\/www1.folha.uol.com.br\/folha-topicos\/warner\/\" rel=\"nofollow noopener\" target=\"_blank\">Warner<\/a> Bros. Discovery, diz que a inten\u00e7\u00e3o foi brincar com clich\u00eas da ind\u00fastria de forma geral, sem um alvo definido exatamente.<\/p>\n<p>  <a href=\"https:\/\/f5.folha.uol.com.br\/colunistas\/outro-canal\/\" rel=\"nofollow noopener\" target=\"_blank\"><br \/>\n    <img decoding=\"async\" src=\"https:\/\/www.europesays.com\/pt\/wp-content\/uploads\/2025\/10\/172599691166e09f6f54fe2_1725996911_1x1_xs.jpg\" alt=\"Foto de Outro Canal\" class=\"img-responsive c-lazyload\"\/><\/p>\n<p>  <\/a><\/p>\n<p class=\"author__description\">\n    Cobre diariamente os bastidores das novelas, do telejornalismo e da m\u00eddia esportiva. Tem como titular o jornalista Gabriel Vaquer\n  <\/p>\n","protected":false},"excerpt":{"rendered":"Aracaju A HBO Max negou que sua campanha de final de ano seja uma provoca\u00e7\u00e3o \u00e0 Globo. Clara&hellip;\n","protected":false},"author":2,"featured_media":186840,"comment_status":"","ping_status":"","sticky":false,"template":"","format":"standard","meta":{"footnotes":""},"categories":[142],"tags":[219,211,470,223,114,115,224,225,226,753,221,220,222,2931,32,33,1588,2566,218,228,151,227,599],"class_list":{"0":"post-186839","1":"post","2":"type-post","3":"status-publish","4":"format-standard","5":"has-post-thumbnail","7":"category-tv","8":"tag-bichos","9":"tag-celebridades","10":"tag-cinema","11":"tag-colunistas","12":"tag-entertainment","13":"tag-entretenimento","14":"tag-estranho","15":"tag-eu-amo","16":"tag-fofices","17":"tag-globo","18":"tag-horoscopo","19":"tag-humanos","20":"tag-humor","21":"tag-novela","22":"tag-portugal","23":"tag-pt","24":"tag-sries","25":"tag-televiso","26":"tag-televisao","27":"tag-tudo","28":"tag-tv","29":"tag-videos","30":"tag-warner"},"share_on_mastodon":{"url":"https:\/\/pubeurope.com\/@pt\/115713426622458549","error":""},"_links":{"self":[{"href":"https:\/\/www.europesays.com\/pt\/wp-json\/wp\/v2\/posts\/186839","targetHints":{"allow":["GET"]}}],"collection":[{"href":"https:\/\/www.europesays.com\/pt\/wp-json\/wp\/v2\/posts"}],"about":[{"href":"https:\/\/www.europesays.com\/pt\/wp-json\/wp\/v2\/types\/post"}],"author":[{"embeddable":true,"href":"https:\/\/www.europesays.com\/pt\/wp-json\/wp\/v2\/users\/2"}],"replies":[{"embeddable":true,"href":"https:\/\/www.europesays.com\/pt\/wp-json\/wp\/v2\/comments?post=186839"}],"version-history":[{"count":0,"href":"https:\/\/www.europesays.com\/pt\/wp-json\/wp\/v2\/posts\/186839\/revisions"}],"wp:featuredmedia":[{"embeddable":true,"href":"https:\/\/www.europesays.com\/pt\/wp-json\/wp\/v2\/media\/186840"}],"wp:attachment":[{"href":"https:\/\/www.europesays.com\/pt\/wp-json\/wp\/v2\/media?parent=186839"}],"wp:term":[{"taxonomy":"category","embeddable":true,"href":"https:\/\/www.europesays.com\/pt\/wp-json\/wp\/v2\/categories?post=186839"},{"taxonomy":"post_tag","embeddable":true,"href":"https:\/\/www.europesays.com\/pt\/wp-json\/wp\/v2\/tags?post=186839"}],"curies":[{"name":"wp","href":"https:\/\/api.w.org\/{rel}","templated":true}]}}