{"id":186849,"date":"2025-12-13T17:37:37","date_gmt":"2025-12-13T17:37:37","guid":{"rendered":"https:\/\/www.europesays.com\/pt\/186849\/"},"modified":"2025-12-13T17:37:37","modified_gmt":"2025-12-13T17:37:37","slug":"prepare-se-para-2026-com-7-tendencias-de-decoracao-que-vao-bombar-estado-de-minas","status":"publish","type":"post","link":"https:\/\/www.europesays.com\/pt\/186849\/","title":{"rendered":"Prepare-se para 2026 com 7 tend\u00eancias de decora\u00e7\u00e3o que v\u00e3o bombar &#8211; Estado de Minas"},"content":{"rendered":"<p>Decora\u00e7\u00e3o hoje vai muito al\u00e9m da est\u00e9tica: \u00e9 mem\u00f3ria, sensa\u00e7\u00e3o e identidade. As tend\u00eancias de 2026 apontam para casas mais humanas, cheias de textura, cores inteligentes e conex\u00e3o com a natureza e com as hist\u00f3rias de quem vive ali. A partir das ideias apresentadas pela arquiteta Sorrisa Dinis, surgem caminhos claros para atualizar o lar com prop\u00f3sito, sem seguir modinhas vazias.<\/p>\n<p>Design biof\u00edlico \u00e9 tend\u00eancia forte em 2026<\/p>\n<p>O design biof\u00edlico segue em alta em 2026, aproximando o ambiente interno da natureza com <a href=\"https:\/\/www.em.com.br\/emfoco\/2025\/12\/09\/aprenda-a-cultivar-rosas-do-deserto-e-faca-suas-plantas-florescerem-o-ano-todo\/\" target=\"_blank\" rel=\"noreferrer noopener nofollow\">plantas<\/a>, luz natural, janelas amplas e formas org\u00e2nicas no mobili\u00e1rio. N\u00e3o \u00e9 s\u00f3 \u201ccolocar um vasinho na sala\u201d, mas pensar bem-estar na arquitetura inteira, integrando \u00e1reas e valorizando ventila\u00e7\u00e3o e verde.<\/p>\n<p>Materiais como madeira, pedra, fibras naturais e tecidos como linho refor\u00e7am essa sensa\u00e7\u00e3o de aconchego e naturalidade. Elementos vivos e texturas naturais ajudam a reduzir o estresse, deixando o lar mais calmo, sustent\u00e1vel e com clima de ref\u00fagio, em que morar bem significa tamb\u00e9m se sentir em paz.<\/p>\n<p><img loading=\"lazy\" decoding=\"async\" width=\"1024\" height=\"576\" src=\"https:\/\/www.europesays.com\/pt\/wp-content\/uploads\/2025\/12\/Gemini_Generated_Image_i5z4vti5z4vti5z4-1-1024x576.png\" alt=\"Decora\u00e7\u00e3o 2026 aposta em natureza e textura\" class=\"wp-image-138212\"  \/>Decora\u00e7\u00e3o 2026 aposta em natureza e textura<\/p>\n<p>As cores que v\u00e3o dominar a decora\u00e7\u00e3o em 2026<\/p>\n<p>A paleta de 2026 equilibra energia e tranquilidade. A grande estrela \u00e9 a Transformity Teal, tom entre azul e verde que traz frescor e profundidade, ideal para paredes de destaque, estofados importantes ou detalhes decorativos que criam um ponto focal elegante e acolhedor.<\/p>\n<p>Tons de verde como musgo, oliva e verde floresta seguem fortes, ao lado de neutros quentes como bege, areia, off-white e marrons claros, al\u00e9m dos terrosos como terracota, caramelo, ferrugem e ocre. O resultado s\u00e3o espa\u00e7os confort\u00e1veis, contempor\u00e2neos e, ao mesmo tempo, atemporais.<\/p>\n<p>Pe\u00e7as artesanais ganham destaque na decora\u00e7\u00e3o<\/p>\n<p>Uma das curiosidades mais marcantes de 2026 \u00e9 a volta do feito \u00e0 m\u00e3o como protagonista dos ambientes. Em vez de objetos id\u00eanticos e produzidos em massa, entram em cena pe\u00e7as com pequenas imperfei\u00e7\u00f5es, texturas marcantes e materiais r\u00fasticos, que contam hist\u00f3rias e revelam a cultura de uma regi\u00e3o.<\/p>\n<p>Para quem quer garimpar itens cheios de identidade e entender melhor essa est\u00e9tica artesanal, vale prestar aten\u00e7\u00e3o a alguns tipos de objetos que traduzem bem essa tend\u00eancia:<\/p>\n<ul class=\"wp-block-list\">\n<li><strong>Vasos e cer\u00e2micas<\/strong>\u00a0com acabamento fosco, irregular ou pintados \u00e0 m\u00e3o.<\/li>\n<li><strong>Tecidos<\/strong>\u00a0como mantas, tapetes e almofadas com tramas evidentes e bordados manuais.<\/li>\n<li><strong>Cestos de palha ou fibras naturais<\/strong>\u00a0usados para organiza\u00e7\u00e3o ou decora\u00e7\u00e3o.<\/li>\n<li><strong>Quadros e esculturas<\/strong>\u00a0de artistas independentes, com refer\u00eancias culturais locais.<\/li>\n<li><strong>M\u00f3veis de madeira maci\u00e7a<\/strong>\u00a0que destacam veios, n\u00f3s e a textura original do material.<\/li>\n<\/ul>\n<p>Pregas, plissados e relevos trazem um design mais t\u00e1til<\/p>\n<p>Em 2026, superf\u00edcies que d\u00e3o vontade de tocar ganham espa\u00e7o, com pregas e plissados inspirados na moda aparecendo em almofadas, abajures, cortinas e estofados inteiros. Essas dobras criam um jogo de luz e sombra que dinamiza at\u00e9 composi\u00e7\u00f5es mais neutras, fazendo uma \u00fanica poltrona plissada virar protagonista.<\/p>\n<p>Revestimentos sensoriais e art\u00edsticos, como relevos, canelados em 3D, pisos estampados, mosaicos culturais e pap\u00e9is de parede texturizados, ajudam a transformar paredes planas em superf\u00edcies profundas. \u00c9 uma forma acess\u00edvel de renovar ambientes sem grandes reformas.<\/p>\n<p>Selecionamos o v\u00eddeo do canal <a href=\"https:\/\/www.youtube.com\/@RizzaDinizArquitetura\" target=\"_blank\" rel=\"noreferrer noopener nofollow\">@RizzaDinizArquitetura<\/a> com 151\u00a0mil inscritos e mostra as tend\u00eancias que voc\u00ea precisa conhecer:<\/p>\n<p>Decora\u00e7\u00e3o sensorial e ambientes monocrom\u00e1ticos em harmonia<\/p>\n<p>A decora\u00e7\u00e3o sensorial considera vis\u00e3o, tato, olfato, audi\u00e7\u00e3o e at\u00e9 o paladar, com tapetes macios, mantas aconchegantes, ilumina\u00e7\u00e3o ajust\u00e1vel, aromas espec\u00edficos e cantinhos de caf\u00e9, vinhos ou hortas internas. Assim, a casa se torna cen\u00e1rio para pausas e rituais di\u00e1rios de bem-estar.<\/p>\n<p>Os interiores monocrom\u00e1ticos ressurgem com for\u00e7a, usando varia\u00e7\u00f5es de uma mesma cor em materiais e texturas diferentes. Um living todo em tons de verde, azul ou neutros nobres ganha profundidade ao combinar pintura, estofados, madeira, metais e tecidos dentro da mesma paleta, criando coer\u00eancia visual e serenidade.<\/p>\n<p>Tend\u00eancias de decora\u00e7\u00e3o 2026 inspiram mudan\u00e7as agora<\/p>\n<p>As tend\u00eancias de decora\u00e7\u00e3o 2026 abrem espa\u00e7o para experimentar, misturar refer\u00eancias e criar ambientes cheios de hist\u00f3rias, que refletem quem voc\u00ea \u00e9. Em vez de seguir modismos, a proposta \u00e9 usar cores, materiais e texturas para transformar o dia a dia dentro de casa em uma experi\u00eancia mais leve e afetiva.<\/p>\n<p>N\u00e3o espere o pr\u00f3ximo ano para come\u00e7ar: escolha hoje uma parede, um c\u00f4modo ou um cantinho para aplicar essas ideias e sentir a diferen\u00e7a na rotina. Comece j\u00e1 a planejar suas mudan\u00e7as e transforme sua casa em um ref\u00fagio vivo, sensorial e totalmente seu.<\/p>\n","protected":false},"excerpt":{"rendered":"Decora\u00e7\u00e3o hoje vai muito al\u00e9m da est\u00e9tica: \u00e9 mem\u00f3ria, sensa\u00e7\u00e3o e identidade. As tend\u00eancias de 2026 apontam para&hellip;\n","protected":false},"author":2,"featured_media":186850,"comment_status":"","ping_status":"","sticky":false,"template":"","format":"standard","meta":{"footnotes":""},"categories":[144],"tags":[207,205,206,203,201,202,204,114,115,32,33],"class_list":{"0":"post-186849","1":"post","2":"type-post","3":"status-publish","4":"format-standard","5":"has-post-thumbnail","7":"category-arte-e-design","8":"tag-arte","9":"tag-arte-e-design","10":"tag-artedesign","11":"tag-arts","12":"tag-arts-and-design","13":"tag-artsanddesign","14":"tag-design","15":"tag-entertainment","16":"tag-entretenimento","17":"tag-portugal","18":"tag-pt"},"share_on_mastodon":{"url":"https:\/\/pubeurope.com\/@pt\/115713477748679001","error":""},"_links":{"self":[{"href":"https:\/\/www.europesays.com\/pt\/wp-json\/wp\/v2\/posts\/186849","targetHints":{"allow":["GET"]}}],"collection":[{"href":"https:\/\/www.europesays.com\/pt\/wp-json\/wp\/v2\/posts"}],"about":[{"href":"https:\/\/www.europesays.com\/pt\/wp-json\/wp\/v2\/types\/post"}],"author":[{"embeddable":true,"href":"https:\/\/www.europesays.com\/pt\/wp-json\/wp\/v2\/users\/2"}],"replies":[{"embeddable":true,"href":"https:\/\/www.europesays.com\/pt\/wp-json\/wp\/v2\/comments?post=186849"}],"version-history":[{"count":0,"href":"https:\/\/www.europesays.com\/pt\/wp-json\/wp\/v2\/posts\/186849\/revisions"}],"wp:featuredmedia":[{"embeddable":true,"href":"https:\/\/www.europesays.com\/pt\/wp-json\/wp\/v2\/media\/186850"}],"wp:attachment":[{"href":"https:\/\/www.europesays.com\/pt\/wp-json\/wp\/v2\/media?parent=186849"}],"wp:term":[{"taxonomy":"category","embeddable":true,"href":"https:\/\/www.europesays.com\/pt\/wp-json\/wp\/v2\/categories?post=186849"},{"taxonomy":"post_tag","embeddable":true,"href":"https:\/\/www.europesays.com\/pt\/wp-json\/wp\/v2\/tags?post=186849"}],"curies":[{"name":"wp","href":"https:\/\/api.w.org\/{rel}","templated":true}]}}