{"id":186859,"date":"2025-12-13T17:44:33","date_gmt":"2025-12-13T17:44:33","guid":{"rendered":"https:\/\/www.europesays.com\/pt\/186859\/"},"modified":"2025-12-13T17:44:33","modified_gmt":"2025-12-13T17:44:33","slug":"acessorio-preferido-da-rainha-elizabeth-ii-sera-tendencia-absoluta-em-2026","status":"publish","type":"post","link":"https:\/\/www.europesays.com\/pt\/186859\/","title":{"rendered":"Acess\u00f3rio preferido da Rainha Elizabeth II ser\u00e1 tend\u00eancia absoluta em 2026"},"content":{"rendered":"<p>  <img class=\"content-first-image wp-image-1823127 size-large\" loading=\"eager\" decoding=\"sync\" fetchpriority=\"high\" src=\"https:\/\/www.europesays.com\/pt\/wp-content\/uploads\/2025\/12\/000-32hy3da-1300x867.jpg\" alt=\"Rainha Elizabeth II usando o broche\" width=\"1286\" height=\"858\"  \/>O broche, conhecido como o acess\u00f3rio preferido da Rainha Elizabeth II, volta a inspirar a moda contempor\u00e2neaFoto: ANDY BUCHANAN\/AFP\/ND<\/p>\n<p>Um dos <a href=\"https:\/\/ndmais.com.br\/politica\/significado-do-broche-do-principe-william\/\" rel=\"nofollow noopener\" target=\"_blank\">acess\u00f3rios mais marcantes da realeza brit\u00e2nica<\/a> est\u00e1 voltando a brilhar, literalmente. O broche, conhecido como o acess\u00f3rio preferido da Rainha Elizabeth II, reaparece com for\u00e7a total nas passarelas e nas ruas.<\/p>\n<p>Pequeno, elegante e cheio de presen\u00e7a, ele \u00e9 o detalhe que transforma um look e <strong>conquista espa\u00e7o nas tend\u00eancias que chegam em 2026<\/strong>.<\/p>\n<p>Acess\u00f3rio preferido da Rainha Elizabeth II n\u00e3o era apenas um enfeite<img class=\"wp-image-1823123 size-large\" loading=\"lazy\" decoding=\"async\" src=\"https:\/\/www.europesays.com\/pt\/wp-content\/uploads\/2025\/12\/000-32hy3hn-1300x867.jpg\" alt=\"Rainha Elizabeth II usando o broche\" width=\"1286\" height=\"858\"  \/>Mesmo em 2026, o acess\u00f3rio preferido da Rainha Elizabeth II segue forte como s\u00edmbolo de eleg\u00e2nciaFoto: Jonathan Brady\/POOL\/AFP<\/p>\n<p>A Euro News explica que a rela\u00e7\u00e3o da Rainha Elizabeth II com o broche ia muito al\u00e9m da beleza. Em vez de falar, a Rainha escolhia broches espec\u00edficos para mostrar respeito, dar um recado ou marcar um momento importante em eventos oficiais.<\/p>\n<p><a class=\"cta-discover d-flex justify-content-between align-items-center w-100\" target=\"_blank\" rel=\"nofollow noopner noopener\" href=\"https:\/\/profile.google.com\/cp\/Cg0vZy8xMXZ5cjY4NHho\">   Fa\u00e7a como milh\u00f5es de leitores informados: siga o ND Mais no Google.  Seguir<\/a> <\/p>\n<p>A autora Leslie Field, no livro The Queen\u2019s Jewels, tamb\u00e9m conta que <strong>a monarca tinha uma cole\u00e7\u00e3o com mais de 98 broches<\/strong>, e cada um deles tinha um significado especial, alguns lembravam viagens, outros homenageavam pa\u00edses ou marcavam acontecimentos da pr\u00f3pria fam\u00edlia.<\/p>\n<p>De onde ressurgiu a tend\u00eancia dos broches para 2026?<img class=\"wp-image-2746746 size-large\" loading=\"lazy\" decoding=\"async\" src=\"https:\/\/www.europesays.com\/pt\/wp-content\/uploads\/2025\/12\/acessorio-preferido-da-rainha-elizabeth-ii-sera-tendencia-absoluta-em-2026-3-1300x867.jpg\" alt=\"O acess\u00f3rio preferido da Rainha Elizabeth II sendo usado atualmente\" width=\"1286\" height=\"858\"  \/>O charme do acess\u00f3rio preferido da Rainha Elizabeth II est\u00e1 em sua mistura de hist\u00f3ria e estiloFoto: Pinterest\/ND Mais<\/p>\n<p>O retorno do broche ganhou for\u00e7a definitiva nas passarelas da New York Fashion Week (NYFW) para o Inverno 2025\/2026.<\/p>\n<p>A personal stylist Marcia Crivorot, que trabalhou nos bastidores do evento, contou em seu site que o acess\u00f3rio apareceu em todos os lugares, nos looks dos desfiles e at\u00e9 no estilo dos convidados.<\/p>\n<p>Marcas como Carolina Herrera e Tory Burch mostraram broches grandes, chamativos e com formatos florais. A revista Byrdie confirmou essa tend\u00eancia ao citar que outras marcas, como a Bevza, tamb\u00e9m apostaram na pe\u00e7a.<\/p>\n<p>O que os dados do Pinterest revelam sobre a ascens\u00e3o do broche?<img class=\"wp-image-2746744 size-large\" loading=\"lazy\" decoding=\"async\" src=\"https:\/\/www.europesays.com\/pt\/wp-content\/uploads\/2025\/12\/acessorio-preferido-da-rainha-elizabeth-ii-sera-tendencia-absoluta-em-2026-1-1300x867.jpg\" alt=\"O acess\u00f3rio preferido da Rainha Elizabeth II sendo usado atualmente\" width=\"1286\" height=\"858\"  \/>O acess\u00f3rio entra nas tend\u00eancias de 2026 como um toque de brilho f\u00e1cilFoto: Pinterest\/ND Mais<\/p>\n<p>A confirma\u00e7\u00e3o dessa tend\u00eancia n\u00e3o vem s\u00f3 das passarelas, vem tamb\u00e9m dos n\u00fameros.<\/p>\n<p>O relat\u00f3rio anual Pinterest Predicts mostrou que as buscas por broches cresceram muito. Segundo a plataforma, o interesse por \u201cbroche para terno masculino\u201d subiu +90%, por \u201cacess\u00f3rios maximalistas\u201d aumentou +105% e por \u201cjoias antigas\u201d cresceu +45%.<\/p>\n<p>Segundo esses dados, o broche se destaca como um dos principais <a href=\"https:\/\/ndmais.com.br\/moda-e-beleza\/o-acessorio-que-voltou-para-ditar-a-moda-dos-pes-a-cabeca-em-2026\/\" rel=\"nofollow noopener\" target=\"_blank\">acess\u00f3rios que v\u00e3o bombar em 2026<\/a>.<\/p>\n<p>Como usar o broche em 2026?<img class=\"wp-image-2746745 size-large\" loading=\"lazy\" decoding=\"async\" src=\"https:\/\/www.europesays.com\/pt\/wp-content\/uploads\/2025\/12\/acessorio-preferido-da-rainha-elizabeth-ii-sera-tendencia-absoluta-em-2026-2-1300x867.jpg\" alt=\"O acess\u00f3rio preferido da Rainha Elizabeth II sendo usado atualmente\" width=\"1286\" height=\"858\"  \/>Looks minimalistas ganham personalidade com o acess\u00f3rio preferido da Rainha Elizabeth IIFoto: Pinterest\/ND Mais<\/p>\n<p>Segundo a Byrdie, o segredo \u00e9 n\u00e3o usar o acess\u00f3rio sempre do mesmo jeito. Em vez de deix\u00e1-lo s\u00f3 na lapela do blazer, voc\u00ea pode prender o broche na gola de uma camisa, no c\u00f3s da cal\u00e7a, em chap\u00e9us ou at\u00e9 para dar brilho extra a uma bolsa.<\/p>\n<p>Marie Audier, CEO da With Clarity, disse \u00e0 revista que as possibilidades de uso s\u00e3o \u201cinfinitas\u201d.<\/p>\n<p>Um truque simples e elegante \u00e9 usar o broche para fechar ou <a href=\"https:\/\/ndmais.com.br\/moda-e-beleza\/o-lenco-no-pescoco-voltou-direto-dos-anos-50-e-esta-aparecendo-ate-com-moletons\/\" rel=\"nofollow noopener\" target=\"_blank\">segurar um len\u00e7o de seda<\/a>, isso deixa o visual mais sofisticado e funciona muito bem para usar vestido no inverno.<\/p>\n","protected":false},"excerpt":{"rendered":"O broche, conhecido como o acess\u00f3rio preferido da Rainha Elizabeth II, volta a inspirar a moda contempor\u00e2neaFoto: ANDY&hellip;\n","protected":false},"author":2,"featured_media":186860,"comment_status":"","ping_status":"","sticky":false,"template":"","format":"standard","meta":{"footnotes":""},"categories":[85],"tags":[726,1967,114,115,25338,1968,32,33],"class_list":{"0":"post-186859","1":"post","2":"type-post","3":"status-publish","4":"format-standard","5":"has-post-thumbnail","7":"category-entretenimento","8":"tag-brasil","9":"tag-contedo-de-internet","10":"tag-entertainment","11":"tag-entretenimento","12":"tag-moda-e-beleza","13":"tag-notcia","14":"tag-portugal","15":"tag-pt"},"share_on_mastodon":{"url":"https:\/\/pubeurope.com\/@pt\/115713506696179632","error":""},"_links":{"self":[{"href":"https:\/\/www.europesays.com\/pt\/wp-json\/wp\/v2\/posts\/186859","targetHints":{"allow":["GET"]}}],"collection":[{"href":"https:\/\/www.europesays.com\/pt\/wp-json\/wp\/v2\/posts"}],"about":[{"href":"https:\/\/www.europesays.com\/pt\/wp-json\/wp\/v2\/types\/post"}],"author":[{"embeddable":true,"href":"https:\/\/www.europesays.com\/pt\/wp-json\/wp\/v2\/users\/2"}],"replies":[{"embeddable":true,"href":"https:\/\/www.europesays.com\/pt\/wp-json\/wp\/v2\/comments?post=186859"}],"version-history":[{"count":0,"href":"https:\/\/www.europesays.com\/pt\/wp-json\/wp\/v2\/posts\/186859\/revisions"}],"wp:featuredmedia":[{"embeddable":true,"href":"https:\/\/www.europesays.com\/pt\/wp-json\/wp\/v2\/media\/186860"}],"wp:attachment":[{"href":"https:\/\/www.europesays.com\/pt\/wp-json\/wp\/v2\/media?parent=186859"}],"wp:term":[{"taxonomy":"category","embeddable":true,"href":"https:\/\/www.europesays.com\/pt\/wp-json\/wp\/v2\/categories?post=186859"},{"taxonomy":"post_tag","embeddable":true,"href":"https:\/\/www.europesays.com\/pt\/wp-json\/wp\/v2\/tags?post=186859"}],"curies":[{"name":"wp","href":"https:\/\/api.w.org\/{rel}","templated":true}]}}