{"id":186861,"date":"2025-12-13T17:50:28","date_gmt":"2025-12-13T17:50:28","guid":{"rendered":"https:\/\/www.europesays.com\/pt\/186861\/"},"modified":"2025-12-13T17:50:28","modified_gmt":"2025-12-13T17:50:28","slug":"um-condutor-detido-e-outro-hospitalizado-na-sequencia-de-acidente-aparatoso-no-funchal-com-fotos","status":"publish","type":"post","link":"https:\/\/www.europesays.com\/pt\/186861\/","title":{"rendered":"Um condutor detido e outro hospitalizado na sequ\u00eancia de acidente aparatoso no Funchal (com fotos)"},"content":{"rendered":"\n<p class=\"p_0\">O acidente ocorrido esta manh\u00e3, na Rua Brito C\u00e2mara, <a href=\"https:\/\/www.jm-madeira.pt\/ocorrencias\/acidente-no-funchal-provoca-danos-materiais-em-viatura-BL19307204\" rel=\"nofollow noopener\" target=\"_blank\">que tal como o JM noticiou<\/a> provocou v\u00e1rios danos materiais, acabou com um condutor detido e outro hospitalizado.<\/p>\n<p class=\"p_1\">Segundo apurou o JM, o choque entre as viaturas ter\u00e1 se desenrolado quando a carrinha estava parada no sem\u00e1foro vermelho e o BMV bateu por tr\u00e1s.<\/p>\n<p class=\"p_2\">Fonte do Jornal avan\u00e7ou que o condutor da carrinha ficou ferido, tendo sido necess\u00e1rio transporte ao hospital. O outro indiv\u00edduo envolvido no acidente, que alegadamente conduzia sobre o efeito do \u00e1lcool, acabou por ser detido.<\/p>\n","protected":false},"excerpt":{"rendered":"O acidente ocorrido esta manh\u00e3, na Rua Brito C\u00e2mara, que tal como o JM noticiou provocou v\u00e1rios danos&hellip;\n","protected":false},"author":2,"featured_media":186862,"comment_status":"","ping_status":"","sticky":false,"template":"","format":"standard","meta":{"footnotes":""},"categories":[10],"tags":[27,28,15,16,14,25,26,4000,21,22,12,13,19,20,32,23,24,33,17,18,29,30,31],"class_list":{"0":"post-186861","1":"post","2":"type-post","3":"status-publish","4":"format-standard","5":"has-post-thumbnail","7":"category-portugal","8":"tag-breaking-news","9":"tag-breakingnews","10":"tag-featured-news","11":"tag-featurednews","12":"tag-headlines","13":"tag-latest-news","14":"tag-latestnews","15":"tag-ligia-neves","16":"tag-main-news","17":"tag-mainnews","18":"tag-news","19":"tag-noticias","20":"tag-noticias-principais","21":"tag-noticiasprincipais","22":"tag-portugal","23":"tag-principais-noticias","24":"tag-principaisnoticias","25":"tag-pt","26":"tag-top-stories","27":"tag-topstories","28":"tag-ultimas","29":"tag-ultimas-noticias","30":"tag-ultimasnoticias"},"share_on_mastodon":{"url":"https:\/\/pubeurope.com\/@pt\/115713528539794098","error":""},"_links":{"self":[{"href":"https:\/\/www.europesays.com\/pt\/wp-json\/wp\/v2\/posts\/186861","targetHints":{"allow":["GET"]}}],"collection":[{"href":"https:\/\/www.europesays.com\/pt\/wp-json\/wp\/v2\/posts"}],"about":[{"href":"https:\/\/www.europesays.com\/pt\/wp-json\/wp\/v2\/types\/post"}],"author":[{"embeddable":true,"href":"https:\/\/www.europesays.com\/pt\/wp-json\/wp\/v2\/users\/2"}],"replies":[{"embeddable":true,"href":"https:\/\/www.europesays.com\/pt\/wp-json\/wp\/v2\/comments?post=186861"}],"version-history":[{"count":0,"href":"https:\/\/www.europesays.com\/pt\/wp-json\/wp\/v2\/posts\/186861\/revisions"}],"wp:featuredmedia":[{"embeddable":true,"href":"https:\/\/www.europesays.com\/pt\/wp-json\/wp\/v2\/media\/186862"}],"wp:attachment":[{"href":"https:\/\/www.europesays.com\/pt\/wp-json\/wp\/v2\/media?parent=186861"}],"wp:term":[{"taxonomy":"category","embeddable":true,"href":"https:\/\/www.europesays.com\/pt\/wp-json\/wp\/v2\/categories?post=186861"},{"taxonomy":"post_tag","embeddable":true,"href":"https:\/\/www.europesays.com\/pt\/wp-json\/wp\/v2\/tags?post=186861"}],"curies":[{"name":"wp","href":"https:\/\/api.w.org\/{rel}","templated":true}]}}