{"id":186894,"date":"2025-12-13T18:32:08","date_gmt":"2025-12-13T18:32:08","guid":{"rendered":"https:\/\/www.europesays.com\/pt\/186894\/"},"modified":"2025-12-13T18:32:08","modified_gmt":"2025-12-13T18:32:08","slug":"camaras-tem-cada-vez-mais-dificuldade-em-contratar-e-manter-tecnicos-qualificados","status":"publish","type":"post","link":"https:\/\/www.europesays.com\/pt\/186894\/","title":{"rendered":"C\u00e2maras t\u00eam cada vez mais dificuldade em contratar e manter t\u00e9cnicos qualificados"},"content":{"rendered":"<p data-remotead-prev-elm=\"true\" data-remotead-elm-id=\"inread\">As c\u00e2maras t\u00eam cada vez mais dificuldade em recrutar novos funcion\u00e1rios e segurar os t\u00e9cnicos experientes, sobretudo nas \u00e1reas da arquitetura, engenharia, inform\u00e1tica e finan\u00e7as. A carreira na administra\u00e7\u00e3o local, que outrora era muito cobi\u00e7ada por oferecer sal\u00e1rio garantido e estabilidade para a vida, j\u00e1 n\u00e3o \u00e9 aliciante para os jovens e para os profissionais mais qualificados. As remunera\u00e7\u00f5es s\u00e3o mais baixas do que no privado e na administra\u00e7\u00e3o central e h\u00e1 muitos concursos de recrutamento municipal a ficarem vazios. Os quadros de pessoal dos maiores munic\u00edpios e das capitais de distrito est\u00e3o a envelhecer, apresentando uma m\u00e9dia de idades a rondar os 50 anos.<\/p>\n","protected":false},"excerpt":{"rendered":"As c\u00e2maras t\u00eam cada vez mais dificuldade em recrutar novos funcion\u00e1rios e segurar os t\u00e9cnicos experientes, sobretudo nas&hellip;\n","protected":false},"author":2,"featured_media":186895,"comment_status":"","ping_status":"","sticky":false,"template":"","format":"standard","meta":{"footnotes":""},"categories":[10],"tags":[35238,27,28,13879,15,16,14,25,26,21,22,619,12,13,19,20,32,23,24,33,1197,17,18,29,30,31],"class_list":{"0":"post-186894","1":"post","2":"type-post","3":"status-publish","4":"format-standard","5":"has-post-thumbnail","7":"category-portugal","8":"tag-anmp","9":"tag-breaking-news","10":"tag-breakingnews","11":"tag-camaras","12":"tag-featured-news","13":"tag-featurednews","14":"tag-headlines","15":"tag-latest-news","16":"tag-latestnews","17":"tag-main-news","18":"tag-mainnews","19":"tag-nacional","20":"tag-news","21":"tag-noticias","22":"tag-noticias-principais","23":"tag-noticiasprincipais","24":"tag-portugal","25":"tag-principais-noticias","26":"tag-principaisnoticias","27":"tag-pt","28":"tag-recursos-humanos","29":"tag-top-stories","30":"tag-topstories","31":"tag-ultimas","32":"tag-ultimas-noticias","33":"tag-ultimasnoticias"},"share_on_mastodon":{"url":"https:\/\/pubeurope.com\/@pt\/115713693833688193","error":""},"_links":{"self":[{"href":"https:\/\/www.europesays.com\/pt\/wp-json\/wp\/v2\/posts\/186894","targetHints":{"allow":["GET"]}}],"collection":[{"href":"https:\/\/www.europesays.com\/pt\/wp-json\/wp\/v2\/posts"}],"about":[{"href":"https:\/\/www.europesays.com\/pt\/wp-json\/wp\/v2\/types\/post"}],"author":[{"embeddable":true,"href":"https:\/\/www.europesays.com\/pt\/wp-json\/wp\/v2\/users\/2"}],"replies":[{"embeddable":true,"href":"https:\/\/www.europesays.com\/pt\/wp-json\/wp\/v2\/comments?post=186894"}],"version-history":[{"count":0,"href":"https:\/\/www.europesays.com\/pt\/wp-json\/wp\/v2\/posts\/186894\/revisions"}],"wp:featuredmedia":[{"embeddable":true,"href":"https:\/\/www.europesays.com\/pt\/wp-json\/wp\/v2\/media\/186895"}],"wp:attachment":[{"href":"https:\/\/www.europesays.com\/pt\/wp-json\/wp\/v2\/media?parent=186894"}],"wp:term":[{"taxonomy":"category","embeddable":true,"href":"https:\/\/www.europesays.com\/pt\/wp-json\/wp\/v2\/categories?post=186894"},{"taxonomy":"post_tag","embeddable":true,"href":"https:\/\/www.europesays.com\/pt\/wp-json\/wp\/v2\/tags?post=186894"}],"curies":[{"name":"wp","href":"https:\/\/api.w.org\/{rel}","templated":true}]}}