{"id":186914,"date":"2025-12-13T18:50:10","date_gmt":"2025-12-13T18:50:10","guid":{"rendered":"https:\/\/www.europesays.com\/pt\/186914\/"},"modified":"2025-12-13T18:50:10","modified_gmt":"2025-12-13T18:50:10","slug":"um-gesto-da-cultura-rock-um-simbolo-de-orgulho-e-forca-mariana-mortagua-diz-que-o-seu-gesto-nao-visava-ofender-ninguem","status":"publish","type":"post","link":"https:\/\/www.europesays.com\/pt\/186914\/","title":{"rendered":"&#8220;Um gesto da cultura rock, um s\u00edmbolo de orgulho e for\u00e7a&#8221;: Mariana Mort\u00e1gua diz que o seu gesto n\u00e3o visava ofender ningu\u00e9m"},"content":{"rendered":"<p>\t                Deputada do Bloco de Esquerda fez um gesto com a m\u00e3o direita durante a interven\u00e7\u00e3o de Paulo N\u00fancio, quando este se referia ao modo como a extrema-esquerda defendeu o aumento do sal\u00e1rio m\u00ednimo<\/p>\n<p>A deputada do Bloco de Esquerda, Mariana Mort\u00e1gua, explica que o <a href=\"https:\/\/tvi.iol.pt\/noticias\/video\/mau-comportamento-no-parlamento-desta-vez-foi-mariana-mortagua\/693c897c0cf2559133762e9d\" target=\"_blank\" rel=\"nofollow noopener\">sinal <\/a>que fez com as m\u00e3os, durante a interven\u00e7\u00e3o do deputado CDS Paulo N\u00fancio no Parlamento, n\u00e3o \u00e9 um insulto nem representa qualquer desrespeito pelos outros deputados. Pelo contr\u00e1rio, \u00e9 um &#8220;gesto da cultura rock, um s\u00edmbolo de orgulho e for\u00e7a&#8221;, diz.<\/p>\n<p>\u201cPerante a refer\u00eancia do deputado Paulo N\u00fancio \u00e0 qualifica\u00e7\u00e3o &#8220;extrema esquerda&#8221; por causa da defesa do aumento do sal\u00e1rio m\u00ednimo, a deputada Mariana Mort\u00e1gua fez um gesto da cultura rock, um s\u00edmbolo de orgulho e for\u00e7a que n\u00e3o visa ofender o deputado&#8221;, explicitou o Bloco de Esquerda em resposta \u00e0 TVI e \u00e0 CNN Portugal.<\/p>\n","protected":false},"excerpt":{"rendered":"Deputada do Bloco de Esquerda fez um gesto com a m\u00e3o direita durante a interven\u00e7\u00e3o de Paulo N\u00fancio,&hellip;\n","protected":false},"author":2,"featured_media":186915,"comment_status":"","ping_status":"","sticky":false,"template":"","format":"standard","meta":{"footnotes":""},"categories":[8],"tags":[609,836,611,454,27,28,607,608,333,832,604,135,610,476,15,16,301,830,14,603,25,26,570,21,22,831,833,1737,62,834,12,13,19,20,835,602,4532,52,32,23,24,33,17,18,29,30,31],"class_list":{"0":"post-186914","1":"post","2":"type-post","3":"status-publish","4":"format-standard","5":"has-post-thumbnail","7":"category-principais-noticias","8":"tag-alerta","9":"tag-analise","10":"tag-ao-minuto","11":"tag-bloco-de-esquerda","12":"tag-breaking-news","13":"tag-breakingnews","14":"tag-cnn","15":"tag-cnn-portugal","16":"tag-comentadores","17":"tag-costa","18":"tag-crime","19":"tag-desporto","20":"tag-direto","21":"tag-economia","22":"tag-featured-news","23":"tag-featurednews","24":"tag-governo","25":"tag-guerra","26":"tag-headlines","27":"tag-justica","28":"tag-latest-news","29":"tag-latestnews","30":"tag-live","31":"tag-main-news","32":"tag-mainnews","33":"tag-mais-vistas","34":"tag-marcelo","35":"tag-mariana-mortagua","36":"tag-mundo","37":"tag-negocios","38":"tag-news","39":"tag-noticias","40":"tag-noticias-principais","41":"tag-noticiasprincipais","42":"tag-opiniao","43":"tag-pais","44":"tag-parlamento","45":"tag-politica","46":"tag-portugal","47":"tag-principais-noticias","48":"tag-principaisnoticias","49":"tag-pt","50":"tag-top-stories","51":"tag-topstories","52":"tag-ultimas","53":"tag-ultimas-noticias","54":"tag-ultimasnoticias"},"share_on_mastodon":{"url":"","error":"Validation failed: Text character limit of 500 exceeded"},"_links":{"self":[{"href":"https:\/\/www.europesays.com\/pt\/wp-json\/wp\/v2\/posts\/186914","targetHints":{"allow":["GET"]}}],"collection":[{"href":"https:\/\/www.europesays.com\/pt\/wp-json\/wp\/v2\/posts"}],"about":[{"href":"https:\/\/www.europesays.com\/pt\/wp-json\/wp\/v2\/types\/post"}],"author":[{"embeddable":true,"href":"https:\/\/www.europesays.com\/pt\/wp-json\/wp\/v2\/users\/2"}],"replies":[{"embeddable":true,"href":"https:\/\/www.europesays.com\/pt\/wp-json\/wp\/v2\/comments?post=186914"}],"version-history":[{"count":0,"href":"https:\/\/www.europesays.com\/pt\/wp-json\/wp\/v2\/posts\/186914\/revisions"}],"wp:featuredmedia":[{"embeddable":true,"href":"https:\/\/www.europesays.com\/pt\/wp-json\/wp\/v2\/media\/186915"}],"wp:attachment":[{"href":"https:\/\/www.europesays.com\/pt\/wp-json\/wp\/v2\/media?parent=186914"}],"wp:term":[{"taxonomy":"category","embeddable":true,"href":"https:\/\/www.europesays.com\/pt\/wp-json\/wp\/v2\/categories?post=186914"},{"taxonomy":"post_tag","embeddable":true,"href":"https:\/\/www.europesays.com\/pt\/wp-json\/wp\/v2\/tags?post=186914"}],"curies":[{"name":"wp","href":"https:\/\/api.w.org\/{rel}","templated":true}]}}