{"id":186930,"date":"2025-12-13T19:09:21","date_gmt":"2025-12-13T19:09:21","guid":{"rendered":"https:\/\/www.europesays.com\/pt\/186930\/"},"modified":"2025-12-13T19:09:21","modified_gmt":"2025-12-13T19:09:21","slug":"reorganizacao-do-inem-liga-dos-bombeiros-vai-pedir-reuniao-a-ministra-da-saude","status":"publish","type":"post","link":"https:\/\/www.europesays.com\/pt\/186930\/","title":{"rendered":"Reorganiza\u00e7\u00e3o do INEM. Liga dos Bombeiros vai pedir reuni\u00e3o \u00e0 ministra da Sa\u00fade"},"content":{"rendered":"<p>O presidente da Liga dos Bombeiros, Ant\u00f3nio Nunes, sublinha que\u00a0<b>a reorganiza\u00e7\u00e3o interna do INEM \u00e9 uma decis\u00e3o do Governo, mas os bombeiros n\u00e3o abdicam de participar no processo de transporte urgente de doentes.\u00a0<\/b><br \/>\n          <img decoding=\"async\" itemprop=\"image\" class=\"img-fluid\"   src=\"https:\/\/www.europesays.com\/pt\/wp-content\/uploads\/2025\/12\/1765652959_391_bg_playeraudio_3.jpg\"\/><\/p>\n<p> Explicou que ir\u00e1 ser apresentado um pedido \u00e0 ministra da Sa\u00fade para ter acesso ao relat\u00f3rio da comiss\u00e3o t\u00e9cnica independente, ao qual ainda n\u00e3o teve acesso.\u00a0<\/p>\n<p>Ant\u00f3nio Antunes vincou que se pretende debater com o INEM e outras entidades as mudan\u00e7as no funcionamento do sistema de emerg\u00eancia m\u00e9dica que est\u00e3o a ser preparadas pelo Minist\u00e9rio da Sa\u00fade.\u00a0<\/p>\n<p>Nestas declara\u00e7\u00f5es \u00e0 Antena 1 no final do Conselho Nacional da Liga dos Bombeiros deste s\u00e1bado, Ant\u00f3nio Nunes <b>alertou ainda para a d\u00edvida de 30 milh\u00f5es de euros do INEM \u00e0s corpora\u00e7\u00f5es relacionada com o transporte de doentes urgentes para os hospitais em setembro, outubro e novembro.<\/b> <\/p>\n<p>          <img decoding=\"async\" itemprop=\"image\" class=\"img-fluid\"   src=\"https:\/\/www.europesays.com\/pt\/wp-content\/uploads\/2025\/12\/1765652960_245_bg_playeraudio_5.jpg\"\/><\/p>\n<p> Por causa desta d\u00edvida do INEM, h\u00e1 associa\u00e7\u00f5es humanit\u00e1rias que contavam com o dinheiro para pagar os subs\u00eddios de Natal aos bombeiros com contratos de trabalho, e agora n\u00e3o t\u00eam dinheiro para o fazer. <\/p>\n","protected":false},"excerpt":{"rendered":"O presidente da Liga dos Bombeiros, Ant\u00f3nio Nunes, sublinha que\u00a0a reorganiza\u00e7\u00e3o interna do INEM \u00e9 uma decis\u00e3o do&hellip;\n","protected":false},"author":2,"featured_media":186931,"comment_status":"","ping_status":"","sticky":false,"template":"","format":"standard","meta":{"footnotes":""},"categories":[10],"tags":[627,27,28,15,16,14,7923,25,26,21,22,12,13,19,20,32,23,24,33,17,18,29,30,31],"class_list":{"0":"post-186930","1":"post","2":"type-post","3":"status-publish","4":"format-standard","5":"has-post-thumbnail","7":"category-portugal","8":"tag-bombeiros","9":"tag-breaking-news","10":"tag-breakingnews","11":"tag-featured-news","12":"tag-featurednews","13":"tag-headlines","14":"tag-inem","15":"tag-latest-news","16":"tag-latestnews","17":"tag-main-news","18":"tag-mainnews","19":"tag-news","20":"tag-noticias","21":"tag-noticias-principais","22":"tag-noticiasprincipais","23":"tag-portugal","24":"tag-principais-noticias","25":"tag-principaisnoticias","26":"tag-pt","27":"tag-top-stories","28":"tag-topstories","29":"tag-ultimas","30":"tag-ultimas-noticias","31":"tag-ultimasnoticias"},"share_on_mastodon":{"url":"https:\/\/pubeurope.com\/@pt\/115713839835318943","error":""},"_links":{"self":[{"href":"https:\/\/www.europesays.com\/pt\/wp-json\/wp\/v2\/posts\/186930","targetHints":{"allow":["GET"]}}],"collection":[{"href":"https:\/\/www.europesays.com\/pt\/wp-json\/wp\/v2\/posts"}],"about":[{"href":"https:\/\/www.europesays.com\/pt\/wp-json\/wp\/v2\/types\/post"}],"author":[{"embeddable":true,"href":"https:\/\/www.europesays.com\/pt\/wp-json\/wp\/v2\/users\/2"}],"replies":[{"embeddable":true,"href":"https:\/\/www.europesays.com\/pt\/wp-json\/wp\/v2\/comments?post=186930"}],"version-history":[{"count":0,"href":"https:\/\/www.europesays.com\/pt\/wp-json\/wp\/v2\/posts\/186930\/revisions"}],"wp:featuredmedia":[{"embeddable":true,"href":"https:\/\/www.europesays.com\/pt\/wp-json\/wp\/v2\/media\/186931"}],"wp:attachment":[{"href":"https:\/\/www.europesays.com\/pt\/wp-json\/wp\/v2\/media?parent=186930"}],"wp:term":[{"taxonomy":"category","embeddable":true,"href":"https:\/\/www.europesays.com\/pt\/wp-json\/wp\/v2\/categories?post=186930"},{"taxonomy":"post_tag","embeddable":true,"href":"https:\/\/www.europesays.com\/pt\/wp-json\/wp\/v2\/tags?post=186930"}],"curies":[{"name":"wp","href":"https:\/\/api.w.org\/{rel}","templated":true}]}}