{"id":186946,"date":"2025-12-13T19:31:14","date_gmt":"2025-12-13T19:31:14","guid":{"rendered":"https:\/\/www.europesays.com\/pt\/186946\/"},"modified":"2025-12-13T19:31:14","modified_gmt":"2025-12-13T19:31:14","slug":"portugal-melhor-economia-do-mundo-porque-e-que-nao-se-sente-isso-no-bolso","status":"publish","type":"post","link":"https:\/\/www.europesays.com\/pt\/186946\/","title":{"rendered":"Portugal, &#8220;melhor economia do mundo&#8221;. Porque \u00e9 que n\u00e3o se sente isso no bolso?"},"content":{"rendered":"<p class=\"wp-caption-text top\">ZAP<\/p>\n<p><img decoding=\"async\" loading=\"lazy\" class=\"wp-image-650153 size-kopa-image-size-3\" src=\"https:\/\/www.europesays.com\/pt\/wp-content\/uploads\/2025\/12\/5e3ec00e442d61e16882d733c3306475-783x450.jpg\" alt=\"nota 20 euros dinheiro\" width=\"700\" height=\"402\"  \/><\/p>\n<p><strong>Portugal \u00e9 a Economia do Ano, depois de ter ficado em 16.\u00ba lugar. O que aconteceu de t\u00e3o milagroso?<br \/><\/strong><\/p>\n<p>Portugal foi eleito a \u201cEconomia do Mundo 2025\u201d no topo de um ranking da revista brit\u00e2nica <a href=\"https:\/\/www.economist.com\/finance-and-economics\/2025\/12\/07\/which-economy-did-best-in-2025\" data-wpel-link=\"external\" target=\"_blank\" rel=\"nofollow external noopener noreferrer\" class=\"ext-link\">The Economist<\/a>. Passou de 16.\u00ba lugar para 1.\u00ba num ranking de 36 pa\u00edses maioritariamente ricos, sem pondera\u00e7\u00e3o final dos indicadores.<\/p>\n<p>A revista brit\u00e2nica alterou os crit\u00e9rios da classifica\u00e7\u00e3o e, visto que \u201cos indicadores n\u00e3o oscilaram muito\u201d, ter\u00e1 sido por isso que Portugal venceu, aponta Pedro Carreira Garcia no <a href=\"https:\/\/expresso.pt\/podcasts\/economia-dia-a-dia\/2025-12-13-portugal-e-a-economia-do-ano-para-a-the-economist-os-criterios-refletem-a-realidade--07e01bf1\" data-wpel-link=\"external\" target=\"_blank\" rel=\"nofollow external noopener noreferrer\" class=\"ext-link\">Expresso<\/a>.<\/p>\n<p>Muitos receberam a not\u00edcia com risos. \u201c\u00c9 uma piada, certo?\u201d, questionam-se, uma vez que para todo o lado que olhem, os portugueses veem rendas exorbitantes, cr\u00e9dito mais caro e sal\u00e1rios que n\u00e3o acompanham o custo de vida.<\/p>\n<p>Importa<strong> esclarecer os crit\u00e9rios<\/strong> que levaram a esta decis\u00e3o.<\/p>\n<p>A classifica\u00e7\u00e3o n\u00e3o mede o bem-estar de cada fam\u00edlia: mede tend\u00eancias macro, m\u00e9dias e compara\u00e7\u00f5es internacionais. a revista diz basear-se em <strong>cinco indicadores<\/strong>: infla\u00e7\u00e3o, \u201camplitude da infla\u00e7\u00e3o\u201d (a percentagem de bens e servi\u00e7os cujo aumento m\u00e9dio superou 2%), Produto Interno Bruto (PIB), evolu\u00e7\u00e3o do emprego e desempenho do mercado bolsista.<\/p>\n<p>Mas a f\u00f3rmula de pondera\u00e7\u00e3o que determina a classifica\u00e7\u00e3o final n\u00e3o \u00e9 divulgada. E, por isso, o ranking deve ser lido com cautela.<\/p>\n<p>O retrato de 2025 combina pre\u00e7os mais est\u00e1veis com crescimento acima da m\u00e9dia europeia e um mercado de trabalho robusto. O consumo das fam\u00edlias e o impulso do Plano de Recupera\u00e7\u00e3o e Resili\u00eancia (PRR) t\u00eam sustentado a atividade, enquanto a imigra\u00e7\u00e3o ajudou a aumentar a popula\u00e7\u00e3o ativa, permitindo criar emprego e preencher vagas. Amaro acrescenta sinais mais estruturais: menos d\u00e9fices recorrentes, um setor privado menos endividado e maior abertura ao exterior.<\/p>\n<p>Mas h\u00e1 limites, , apontam os economistas Gon\u00e7alo Pina e Ricardo Amaro ao <a href=\"https:\/\/expresso.pt\/economia\/2025-12-10-portugal-na-economia-do-ano-para-a-the-economist-o-emprego-e-a-surpresa-b4fc844f\" data-wpel-link=\"external\" target=\"_blank\" rel=\"nofollow external noopener noreferrer\" class=\"ext-link\">Expresso<\/a>. O turismo \u2014 frequentemente citado como motor \u2014 j\u00e1 mostra abrandamento em 2025 e tanto o PRR, como o ritmo de crescimento populacional t\u00eam horizonte.<\/p>\n<p>O argumento do deputado do PSD Hugo Patr\u00edcio Oliveira, em defesa do Governo em artigo no <a href=\"https:\/\/observador.pt\/opiniao\/o-que-significa-ser-a-melhor-economia-do-ano\/\" data-wpel-link=\"external\" target=\"_blank\" rel=\"nofollow external noopener noreferrer\" class=\"ext-link\">Observador<\/a>, que \u201ccorrigir o desequil\u00edbrio provocado por anos de governa\u00e7\u00e3o socialista e agravado pela \u2018geringon\u00e7a\u2019 n\u00e3o se faz de um dia para o outro\u201d e que ganhos de produtividade, investimento e emprego qualificado demoram a refletir-se em sal\u00e1rios mais altos e mais est\u00e1veis. Diz tamb\u00e9m que o peso de despesas como habita\u00e7\u00e3o, energia e alimenta\u00e7\u00e3o pode anular o efeito de aumentos salariais nominais, sobretudo se a infla\u00e7\u00e3o recente tiver corro\u00eddo o poder de compra.<\/p>\n<p>\u201cMelhor economia do ano\u201d significa, acima de tudo, que os indicadores est\u00e3o a evoluir bem no conjunto. Mas sentir isso no bolso depende de como o crescimento se traduz em sal\u00e1rios reais, acesso \u00e0 habita\u00e7\u00e3o, estabilidade no emprego e servi\u00e7os p\u00fablicos.<\/p>\n<p>    <a href=\"https:\/\/zap.aeiou.pt\/subscrever-newsletter\" data-wpel-link=\"internal\" rel=\"nofollow noopener\" target=\"_blank\">&#13;<br \/>\n        <img loading=\"lazy\" decoding=\"async\" class=\"aligncenter size-full wp-image-575475\" src=\"https:\/\/www.europesays.com\/pt\/wp-content\/uploads\/2025\/12\/1765389371_545_2d51fe4a0ba54894421ead1809309ed9-1-450x140.jpg\" alt=\"Subscreva a Newsletter ZAP\" width=\"450\" height=\"140\"\/>&#13;<br \/>\n    <\/a><\/p>\n<p>                <a href=\"https:\/\/whatsapp.com\/channel\/0029VaIC4EE2f3EJZPPSbR34\" data-wpel-link=\"external\" target=\"_blank\" rel=\"nofollow external noopener noreferrer\" class=\"ext-link\">&#13;<br \/>\n                    <img loading=\"lazy\" decoding=\"async\" class=\"aligncenter size-full wp-image-575475\" src=\"https:\/\/www.europesays.com\/pt\/wp-content\/uploads\/2025\/12\/1765389371_770_c68c559d956d4ca20f435ed74a6e71e6.png\" alt=\"Siga-nos no WhatsApp\" width=\"175\" height=\"64\"\/>&#13;<br \/>\n                <\/a><\/p>\n<p>                <a href=\"https:\/\/news.google.com\/publications\/CAAiEHRwZondIV71PDjWNoqMduEqFAgKIhB0cGaJ3SFe9Tw41jaKjHbh?hl=en-US&amp;gl=US&amp;ceid=US%3Aen\" data-wpel-link=\"external\" target=\"_blank\" rel=\"nofollow external noopener noreferrer\" class=\"ext-link\">&#13;<br \/>\n                    <img loading=\"lazy\" decoding=\"async\" class=\"aligncenter size-full wp-image-575475\" src=\"https:\/\/www.europesays.com\/pt\/wp-content\/uploads\/2025\/12\/1765389372_556_5123dd8b087b644fdb8f8603acd1bad4.png\" alt=\"Siga-nos no Google News\" width=\"176\" height=\"64\"\/>&#13;<br \/>\n                <\/a><\/p>\n","protected":false},"excerpt":{"rendered":"ZAP Portugal \u00e9 a Economia do Ano, depois de ter ficado em 16.\u00ba lugar. O que aconteceu de&hellip;\n","protected":false},"author":2,"featured_media":186947,"comment_status":"","ping_status":"","sticky":false,"template":"","format":"standard","meta":{"footnotes":""},"categories":[10],"tags":[27,28,1359,476,618,12077,15,16,3905,301,14,25,26,21,22,12,13,19,20,32,23,24,33,6248,17,18,29,30,31],"class_list":{"0":"post-186946","1":"post","2":"type-post","3":"status-publish","4":"format-standard","5":"has-post-thumbnail","7":"category-portugal","8":"tag-breaking-news","9":"tag-breakingnews","10":"tag-dinheiro","11":"tag-economia","12":"tag-emprego","13":"tag-familias","14":"tag-featured-news","15":"tag-featurednews","16":"tag-financas","17":"tag-governo","18":"tag-headlines","19":"tag-latest-news","20":"tag-latestnews","21":"tag-main-news","22":"tag-mainnews","23":"tag-news","24":"tag-noticias","25":"tag-noticias-principais","26":"tag-noticiasprincipais","27":"tag-portugal","28":"tag-principais-noticias","29":"tag-principaisnoticias","30":"tag-pt","31":"tag-salarios","32":"tag-top-stories","33":"tag-topstories","34":"tag-ultimas","35":"tag-ultimas-noticias","36":"tag-ultimasnoticias"},"share_on_mastodon":{"url":"https:\/\/pubeurope.com\/@pt\/115713929800381969","error":""},"_links":{"self":[{"href":"https:\/\/www.europesays.com\/pt\/wp-json\/wp\/v2\/posts\/186946","targetHints":{"allow":["GET"]}}],"collection":[{"href":"https:\/\/www.europesays.com\/pt\/wp-json\/wp\/v2\/posts"}],"about":[{"href":"https:\/\/www.europesays.com\/pt\/wp-json\/wp\/v2\/types\/post"}],"author":[{"embeddable":true,"href":"https:\/\/www.europesays.com\/pt\/wp-json\/wp\/v2\/users\/2"}],"replies":[{"embeddable":true,"href":"https:\/\/www.europesays.com\/pt\/wp-json\/wp\/v2\/comments?post=186946"}],"version-history":[{"count":0,"href":"https:\/\/www.europesays.com\/pt\/wp-json\/wp\/v2\/posts\/186946\/revisions"}],"wp:featuredmedia":[{"embeddable":true,"href":"https:\/\/www.europesays.com\/pt\/wp-json\/wp\/v2\/media\/186947"}],"wp:attachment":[{"href":"https:\/\/www.europesays.com\/pt\/wp-json\/wp\/v2\/media?parent=186946"}],"wp:term":[{"taxonomy":"category","embeddable":true,"href":"https:\/\/www.europesays.com\/pt\/wp-json\/wp\/v2\/categories?post=186946"},{"taxonomy":"post_tag","embeddable":true,"href":"https:\/\/www.europesays.com\/pt\/wp-json\/wp\/v2\/tags?post=186946"}],"curies":[{"name":"wp","href":"https:\/\/api.w.org\/{rel}","templated":true}]}}