{"id":186948,"date":"2025-12-13T19:34:21","date_gmt":"2025-12-13T19:34:21","guid":{"rendered":"https:\/\/www.europesays.com\/pt\/186948\/"},"modified":"2025-12-13T19:34:21","modified_gmt":"2025-12-13T19:34:21","slug":"tudor-nazare-big-wave-challenge-2025-termina-antecipadamente-por-razoes-de-seguranca","status":"publish","type":"post","link":"https:\/\/www.europesays.com\/pt\/186948\/","title":{"rendered":"TUDOR Nazar\u00e9 Big Wave Challenge 2025 termina antecipadamente por raz\u00f5es de seguran\u00e7a"},"content":{"rendered":"<p data-start=\"251\" data-end=\"338\">Nic von Rupp e Clement Roseyro confirmados como vencedores da edi\u00e7\u00e3o 2025&#8230;<\/p>\n<p data-start=\"419\" data-end=\"704\">A edi\u00e7\u00e3o de 2025 do <strong data-start=\"439\" data-end=\"474\">TUDOR Nazar\u00e9 Big Wave Challenge<\/strong> foi oficialmente dada por conclu\u00edda este s\u00e1bado, ap\u00f3s a organiza\u00e7\u00e3o da prova ter decidido <strong data-start=\"565\" data-end=\"643\">suspender a competi\u00e7\u00e3o devido a problemas t\u00e9cnicos graves nas comunica\u00e7\u00f5es<\/strong>, colocando em causa a seguran\u00e7a de atletas, equipas e staff.<\/p>\n<p data-start=\"419\" data-end=\"704\"><img decoding=\"async\" class=\"jch-lazyload\" src=\"https:\/\/www.europesays.com\/pt\/wp-content\/uploads\/2025\/12\/Nic_von_Rupp__25Nazare_MASU0498_Laurent_Masurel.jpg\"\/><\/p>\n<p data-start=\"706\" data-end=\"1126\">Durante a segunda fase do evento, registaram-se <strong data-start=\"754\" data-end=\"804\">falhas inesperadas nos sistemas de comunica\u00e7\u00e3o<\/strong>, provocadas por problemas em cabos el\u00e9tricos essenciais ao funcionamento da prova. Estas falhas impediram a comunica\u00e7\u00e3o eficaz entre a organiza\u00e7\u00e3o, os pilotos de jet ski, os atletas em prova, a equipa de seguran\u00e7a e o painel de ju\u00edzes \u2014 um cen\u00e1rio incompat\u00edvel com a realiza\u00e7\u00e3o segura de uma competi\u00e7\u00e3o de ondas gigantes.<\/p>\n<p data-start=\"743\" data-end=\"975\">Segundo comunicado oficial da WSL, uma <strong data-start=\"782\" data-end=\"817\">falha de energia no promont\u00f3rio<\/strong> \u2014 zona cr\u00edtica para as comunica\u00e7\u00f5es \u2014 impossibilitou a continua\u00e7\u00e3o da prova dentro da janela de um dia prevista para este evento de tow-in em ondas gigantes.<\/p>\n<blockquote data-start=\"977\" data-end=\"1243\">\n<p data-start=\"63\" data-end=\"304\">\u201cDevido a uma falha de energia no promont\u00f3rio, a equipa de Tours &amp; Competi\u00e7\u00f5es da WSL tomou a decis\u00e3o de que o TUDOR Nazar\u00e9 Big Wave Challenge n\u00e3o poderia ser conclu\u00eddo em seguran\u00e7a dentro da janela de um dia e deu a prova por terminada.<\/p>\n<p data-start=\"311\" data-end=\"488\">Devido ao atraso no arranque causado pelo nevoeiro e aos atrasos provocados pela falha de energia, n\u00e3o houve tempo suficiente para concluir em seguran\u00e7a a Ronda 2 com boa luz.<\/p>\n<p data-start=\"495\" data-end=\"632\" data-is-last-node=\"\">Assim, os resultados finais do evento foram definidos com base na Ronda 1 j\u00e1 conclu\u00edda, que decorreu nas melhores ondas da competi\u00e7\u00e3o.\u201d<\/p>\n<p data-start=\"979\" data-end=\"1243\">\u00a0<\/p>\n<\/blockquote>\n<p data-start=\"1128\" data-end=\"1439\">Tendo em conta que estavam em causa <strong data-start=\"1164\" data-end=\"1204\">condi\u00e7\u00f5es extremas na Praia do Norte<\/strong>, com ondas de grande dimens\u00e3o e elevada complexidade operacional, a World Surf League optou, de forma prudente e respons\u00e1vel, por <strong data-start=\"1335\" data-end=\"1374\">interromper definitivamente a prova<\/strong>, validando os resultados existentes at\u00e9 ao momento da suspens\u00e3o.<\/p>\n<p>Seguran\u00e7a acima de tudo<\/p>\n<p data-start=\"1470\" data-end=\"1755\">Em provas de big wave surfing, onde cada decis\u00e3o depende de comunica\u00e7\u00e3o em tempo real, a aus\u00eancia de liga\u00e7\u00e3o segura representa um risco inaceit\u00e1vel. A organiza\u00e7\u00e3o privilegiou, assim, a integridade f\u00edsica de todos os envolvidos, decis\u00e3o que foi bem recebida no line-up e nos bastidores.<\/p>\n<p>Resultados finais confirmados<\/p>\n<p><img decoding=\"async\" class=\"jch-lazyload\" src=\"https:\/\/www.europesays.com\/pt\/wp-content\/uploads\/2025\/12\/Lineup_25Nazare__QUA6669_Damien_Poullenot.jpg\"\/><\/p>\n<p data-start=\"1792\" data-end=\"1912\">Com a competi\u00e7\u00e3o encerrada no ponto em que se encontrava, os resultados foram homologados e a vit\u00f3ria atribu\u00edda \u00e0 dupla:<\/p>\n<p data-start=\"1914\" data-end=\"1971\"><strong data-start=\"1917\" data-end=\"1971\">Nic von Rupp (Portugal) &amp; Cl\u00e9ment Roseyro (Fran\u00e7a)<\/strong><\/p>\n<p data-start=\"1973\" data-end=\"2171\">A equipa luso-francesa liderava a classifica\u00e7\u00e3o no momento da interrup\u00e7\u00e3o, destacando-se pela consist\u00eancia, leitura do mar e execu\u00e7\u00e3o em ondas de enorme dimens\u00e3o ao longo da manh\u00e3 na Praia do Norte.<\/p>\n<p data-start=\"2173\" data-end=\"2380\">Este triunfo refor\u00e7a o estatuto de Nic von Rupp como uma das principais refer\u00eancias mundiais do surf de ondas grandes e confirma, mais uma vez, a Nazar\u00e9 como o palco m\u00e1ximo do big wave surfing internacional.<\/p>\n<p data-start=\"2173\" data-end=\"2380\"><img decoding=\"async\" class=\"jch-lazyload\" src=\"https:\/\/www.europesays.com\/pt\/wp-content\/uploads\/2025\/12\/Nic_von_Rupp__25Nazare_MSG08488_Manel_Geada_.jpg\"\/><\/p>\n<p>Nazar\u00e9 voltou a mostrar porqu\u00ea<\/p>\n<p data-start=\"2418\" data-end=\"2721\">Apesar do desfecho inesperado, o <strong data-start=\"2451\" data-end=\"2491\">TUDOR Nazar\u00e9 Big Wave Challenge 2025<\/strong> voltou a oferecer momentos de enorme intensidade, com ondas verdadeiramente gigantes, drops impressionantes e imagens que j\u00e1 correm o mundo \u2014 reafirmando a Praia do Norte como um dos spots mais exigentes e respeitados do planeta.<\/p>\n<p data-start=\"2723\" data-end=\"2938\">A SurfTotal acompanhou o evento desde o primeiro momento e continuar\u00e1 a trazer todos os desenvolvimentos, rea\u00e7\u00f5es e conte\u00fados exclusivos desta edi\u00e7\u00e3o marcada pela for\u00e7a do mar\u2026 e pela decis\u00e3o certa no momento certo.<\/p>\n<blockquote>\n<p data-start=\"2940\" data-end=\"3011\" data-is-last-node=\"\" data-is-only-node=\"\">&#8220;<strong data-start=\"2943\" data-end=\"3011\" data-is-last-node=\"\">Nazar\u00e9 voltou a rugir. E o respeito pelo oceano falou mais alto&#8221;<\/strong><\/p>\n<\/blockquote>\n","protected":false},"excerpt":{"rendered":"Nic von Rupp e Clement Roseyro confirmados como vencedores da edi\u00e7\u00e3o 2025&#8230; A edi\u00e7\u00e3o de 2025 do TUDOR&hellip;\n","protected":false},"author":2,"featured_media":186949,"comment_status":"","ping_status":"","sticky":false,"template":"","format":"standard","meta":{"footnotes":""},"categories":[8],"tags":[27,28,11843,15,16,14,25,26,21,22,12,13,19,20,32,23,24,33,17,18,37923,29,30,31],"class_list":{"0":"post-186948","1":"post","2":"type-post","3":"status-publish","4":"format-standard","5":"has-post-thumbnail","7":"category-principais-noticias","8":"tag-breaking-news","9":"tag-breakingnews","10":"tag-destaquehome","11":"tag-featured-news","12":"tag-featurednews","13":"tag-headlines","14":"tag-latest-news","15":"tag-latestnews","16":"tag-main-news","17":"tag-mainnews","18":"tag-news","19":"tag-noticias","20":"tag-noticias-principais","21":"tag-noticiasprincipais","22":"tag-portugal","23":"tag-principais-noticias","24":"tag-principaisnoticias","25":"tag-pt","26":"tag-top-stories","27":"tag-topstories","28":"tag-tudor-nazare-big-wave-challenge","29":"tag-ultimas","30":"tag-ultimas-noticias","31":"tag-ultimasnoticias"},"share_on_mastodon":{"url":"https:\/\/pubeurope.com\/@pt\/115713940579143382","error":""},"_links":{"self":[{"href":"https:\/\/www.europesays.com\/pt\/wp-json\/wp\/v2\/posts\/186948","targetHints":{"allow":["GET"]}}],"collection":[{"href":"https:\/\/www.europesays.com\/pt\/wp-json\/wp\/v2\/posts"}],"about":[{"href":"https:\/\/www.europesays.com\/pt\/wp-json\/wp\/v2\/types\/post"}],"author":[{"embeddable":true,"href":"https:\/\/www.europesays.com\/pt\/wp-json\/wp\/v2\/users\/2"}],"replies":[{"embeddable":true,"href":"https:\/\/www.europesays.com\/pt\/wp-json\/wp\/v2\/comments?post=186948"}],"version-history":[{"count":0,"href":"https:\/\/www.europesays.com\/pt\/wp-json\/wp\/v2\/posts\/186948\/revisions"}],"wp:featuredmedia":[{"embeddable":true,"href":"https:\/\/www.europesays.com\/pt\/wp-json\/wp\/v2\/media\/186949"}],"wp:attachment":[{"href":"https:\/\/www.europesays.com\/pt\/wp-json\/wp\/v2\/media?parent=186948"}],"wp:term":[{"taxonomy":"category","embeddable":true,"href":"https:\/\/www.europesays.com\/pt\/wp-json\/wp\/v2\/categories?post=186948"},{"taxonomy":"post_tag","embeddable":true,"href":"https:\/\/www.europesays.com\/pt\/wp-json\/wp\/v2\/tags?post=186948"}],"curies":[{"name":"wp","href":"https:\/\/api.w.org\/{rel}","templated":true}]}}