{"id":186950,"date":"2025-12-13T19:37:24","date_gmt":"2025-12-13T19:37:24","guid":{"rendered":"https:\/\/www.europesays.com\/pt\/186950\/"},"modified":"2025-12-13T19:37:24","modified_gmt":"2025-12-13T19:37:24","slug":"apos-5-anos-de-obras-ex-bbbs-mostram-detalhes-da-mansao-luxuosa-de-mais-de-1000-m%c2%b2-zoeira","status":"publish","type":"post","link":"https:\/\/www.europesays.com\/pt\/186950\/","title":{"rendered":"Ap\u00f3s 5 anos de obras, ex-BBBs mostram detalhes da mans\u00e3o luxuosa de mais de 1000 m\u00b2 &#8211; Zoeira"},"content":{"rendered":"<p>Mariana Fel\u00edcio e Daniel Saullo seguem firmes como um dos relacionamentos mais duradouros surgidos no &#8220;Big Brother Brasil&#8221;. Juntos desde o &#8220;BBB 6&#8221;, os ex-participantes celebram uma nova fase da vida ap\u00f3s se mudarem, em 2025, para uma mans\u00e3o no Sul de Minas Gerais, que demandou cinco anos de obra.<\/p>\n<p>Pais de quatro filhos, Anita, Ant\u00f4nio e os g\u00eameos Jos\u00e9 e Jo\u00e3o, eles escolheram Passa Quatro, cidade natal de Daniel, para erguer a casa dos sonhos. <strong>O im\u00f3vel tem mais de mil metros quadrados de \u00e1rea constru\u00edda<\/strong>, est\u00e1 em um terreno de aproximadamente 3 mil m\u00b2 e oferece vista privilegiada para a Serra da Mantiqueira.<\/p>\n<p>Durante a constru\u00e7\u00e3o, o casal dividiu detalhes do projeto com os seguidores por meio do canal Fam\u00edlia Mariel. A decis\u00e3o de sair dos grandes centros urbanos veio do desejo de criar os filhos em um ambiente mais tranquilo, pr\u00f3ximo \u00e0 natureza e tamb\u00e9m \u00e0 f\u00e1brica de refrigerantes da fam\u00edlia de Daniel.<\/p>\n<p>&#8220;Essa casa n\u00e3o \u00e9 s\u00f3 um sonho realizado. \u00c9 um projeto de vida. Estamos fazendo tudo com o que h\u00e1 de melhor, dentro do nosso alcance&#8221;, afirmou Daniel Saullo nas redes sociais, ainda na fase final da obra.<\/p>\n<p>A mans\u00e3o conta com cinco su\u00edtes, uma para o casal e outras quatro destinadas \u00e0s crian\u00e7as, al\u00e9m de ambientes integrados de sala e cozinha, varanda ampla e um deck com piscina voltado para as montanhas. O projeto inclui ainda academia, sauna, dois spas, sala de cinema e at\u00e9 uma capela.<\/p>\n<blockquote class=\"instagram-media\" data-instgrm-captioned=\"\" data-instgrm-permalink=\"https:\/\/www.instagram.com\/reel\/DR2vO3TCYm5\/?utm_source=ig_embed&amp;utm_campaign=loading\" data-instgrm-version=\"14\" style=\" background:#FFF; border:0; border-radius:3px; box-shadow:0 0 1px 0 rgba(0,0,0,0.5),0 1px 10px 0 rgba(0,0,0,0.15); margin: 1px; max-width:540px; min-width:326px; padding:0; width:99.375%; width:-webkit-calc(100% - 2px); width:calc(100% - 2px);\"\/>\n<p>Com tecnologia construtiva canadense, a estrutura utiliza blocos mais leves que o concreto tradicional, garantindo isolamento t\u00e9rmico. Os quartos receberam pisos de madeira maci\u00e7a, enquanto a \u00e1rea social conta com aquecimento no piso, pensado especialmente para o clima frio da regi\u00e3o.<\/p>\n<p>Mariana e Daniel, que tamb\u00e9m foram vice-campe\u00f5es do &#8220;Power Couple Brasil 4&#8221;, se mudaram definitivamente para a mans\u00e3o em maio de 2025 e seguem compartilhando registros da nova rotina em fam\u00edlia.<\/p>\n<p>\t\t\t\t\t<script async src=\"\/\/www.instagram.com\/embed.js\"><\/script><\/p>\n","protected":false},"excerpt":{"rendered":"Mariana Fel\u00edcio e Daniel Saullo seguem firmes como um dos relacionamentos mais duradouros surgidos no &#8220;Big Brother Brasil&#8221;.&hellip;\n","protected":false},"author":2,"featured_media":186951,"comment_status":"","ping_status":"","sticky":false,"template":"","format":"standard","meta":{"footnotes":""},"categories":[145],"tags":[2397,211,210,114,115,32,33],"class_list":{"0":"post-186950","1":"post","2":"type-post","3":"status-publish","4":"format-standard","5":"has-post-thumbnail","7":"category-celebridades","8":"tag-artes-cultura-e-entretenimento","9":"tag-celebridades","10":"tag-celebrities","11":"tag-entertainment","12":"tag-entretenimento","13":"tag-portugal","14":"tag-pt"},"share_on_mastodon":{"url":"https:\/\/pubeurope.com\/@pt\/115713949284355064","error":""},"_links":{"self":[{"href":"https:\/\/www.europesays.com\/pt\/wp-json\/wp\/v2\/posts\/186950","targetHints":{"allow":["GET"]}}],"collection":[{"href":"https:\/\/www.europesays.com\/pt\/wp-json\/wp\/v2\/posts"}],"about":[{"href":"https:\/\/www.europesays.com\/pt\/wp-json\/wp\/v2\/types\/post"}],"author":[{"embeddable":true,"href":"https:\/\/www.europesays.com\/pt\/wp-json\/wp\/v2\/users\/2"}],"replies":[{"embeddable":true,"href":"https:\/\/www.europesays.com\/pt\/wp-json\/wp\/v2\/comments?post=186950"}],"version-history":[{"count":0,"href":"https:\/\/www.europesays.com\/pt\/wp-json\/wp\/v2\/posts\/186950\/revisions"}],"wp:featuredmedia":[{"embeddable":true,"href":"https:\/\/www.europesays.com\/pt\/wp-json\/wp\/v2\/media\/186951"}],"wp:attachment":[{"href":"https:\/\/www.europesays.com\/pt\/wp-json\/wp\/v2\/media?parent=186950"}],"wp:term":[{"taxonomy":"category","embeddable":true,"href":"https:\/\/www.europesays.com\/pt\/wp-json\/wp\/v2\/categories?post=186950"},{"taxonomy":"post_tag","embeddable":true,"href":"https:\/\/www.europesays.com\/pt\/wp-json\/wp\/v2\/tags?post=186950"}],"curies":[{"name":"wp","href":"https:\/\/api.w.org\/{rel}","templated":true}]}}