{"id":186962,"date":"2025-12-13T19:48:25","date_gmt":"2025-12-13T19:48:25","guid":{"rendered":"https:\/\/www.europesays.com\/pt\/186962\/"},"modified":"2025-12-13T19:48:25","modified_gmt":"2025-12-13T19:48:25","slug":"eurovisao-vencedor-de-2024-devolve-trofeu-observador","status":"publish","type":"post","link":"https:\/\/www.europesays.com\/pt\/186962\/","title":{"rendered":"Eurovis\u00e3o. Vencedor de 2024 devolve trof\u00e9u \u2013 Observador"},"content":{"rendered":"<p>O cantor Nemo Mettler, que <a href=\"https:\/\/observador.pt\/especiais\/feiticos-baladas-heavy-metal-e-aquele-refrao-que-ja-nao-esquecemos-a-final-da-eurovisao-cancao-a-cancao\/\" rel=\"nofollow noopener\" target=\"_blank\">venceu o Festival Eurovis\u00e3o da Can\u00e7\u00e3o em 2024<\/a> ao representar a Su\u00ed\u00e7a com a can\u00e7\u00e3o pop The Code, <a href=\"https:\/\/www.instagram.com\/p\/DSILsPfM2M9\/\" rel=\"nofollow noopener\" target=\"_blank\">anunciou quinta-feira nas redes sociais<\/a> que enviou para Genebra o trof\u00e9u recebido pela European Broadcast Union\u00a0(EBU), respons\u00e1vel por organizar o evento. \u201cMesmo que eu seja imensamente grato por tudo o que essa experi\u00eancia [vencer a Eurovis\u00e3o] me proporcionou\u00a0como pessoa e artista, neste momento n\u00e3o sinto que este trof\u00e9u perten\u00e7a \u00e0 minha prateleira\u201d, afirmou Nemo.<\/p>\n<p>O artista, que se define\u00a0como n\u00e3o-bin\u00e1rio, explicou a sua decis\u00e3o recordando que a participa\u00e7\u00e3o de Israel na Eurovis\u00e3o est\u00e1 confirmada mesmo ap\u00f3s uma Comiss\u00e3o das Na\u00e7\u00f5es Unidas <a href=\"https:\/\/observador.pt\/2025\/09\/16\/comissao-das-nacoes-unidas-declara-pela-primeira-vez-que-israel-esta-a-cometer-genocidio-em-gaza\/\" rel=\"nofollow noopener\" target=\"_blank\">concluir que as for\u00e7as israelitas est\u00e3o a cometer genoc\u00eddio em Gaza<\/a>. \u201cDevolvo o meu trof\u00e9u com gratid\u00e3o e deixo para a EBU a mensagem de que devem viver o que afirmam. Espero pelo momento em que as palavras e as a\u00e7\u00f5es se alinhem\u201d, concluiu, referindo que a Eurovis\u00e3o diz representar \u201ca unidade, a inclus\u00e3o e a dignidade para todas as pessoas\u201d.<\/p>\n<p><script async src=\"\/\/www.instagram.com\/embed.js\"><\/script><\/p>\n","protected":false},"excerpt":{"rendered":"O cantor Nemo Mettler, que venceu o Festival Eurovis\u00e3o da Can\u00e7\u00e3o em 2024 ao representar a Su\u00ed\u00e7a com&hellip;\n","protected":false},"author":2,"featured_media":186963,"comment_status":"","ping_status":"","sticky":false,"template":"","format":"standard","meta":{"footnotes":""},"categories":[85],"tags":[311,315,114,115,18664,259,310,339,62,32,33],"class_list":{"0":"post-186962","1":"post","2":"type-post","3":"status-publish","4":"format-standard","5":"has-post-thumbnail","7":"category-entretenimento","8":"tag-conflito-israelo-palestiniano","9":"tag-cultura","10":"tag-entertainment","11":"tag-entretenimento","12":"tag-festival-eurovisu00e3o-da-canu00e7u00e3o","13":"tag-israel","14":"tag-mu00e9dio-oriente","15":"tag-mu00fasica","16":"tag-mundo","17":"tag-portugal","18":"tag-pt"},"share_on_mastodon":{"url":"https:\/\/pubeurope.com\/@pt\/115713992616045156","error":""},"_links":{"self":[{"href":"https:\/\/www.europesays.com\/pt\/wp-json\/wp\/v2\/posts\/186962","targetHints":{"allow":["GET"]}}],"collection":[{"href":"https:\/\/www.europesays.com\/pt\/wp-json\/wp\/v2\/posts"}],"about":[{"href":"https:\/\/www.europesays.com\/pt\/wp-json\/wp\/v2\/types\/post"}],"author":[{"embeddable":true,"href":"https:\/\/www.europesays.com\/pt\/wp-json\/wp\/v2\/users\/2"}],"replies":[{"embeddable":true,"href":"https:\/\/www.europesays.com\/pt\/wp-json\/wp\/v2\/comments?post=186962"}],"version-history":[{"count":0,"href":"https:\/\/www.europesays.com\/pt\/wp-json\/wp\/v2\/posts\/186962\/revisions"}],"wp:featuredmedia":[{"embeddable":true,"href":"https:\/\/www.europesays.com\/pt\/wp-json\/wp\/v2\/media\/186963"}],"wp:attachment":[{"href":"https:\/\/www.europesays.com\/pt\/wp-json\/wp\/v2\/media?parent=186962"}],"wp:term":[{"taxonomy":"category","embeddable":true,"href":"https:\/\/www.europesays.com\/pt\/wp-json\/wp\/v2\/categories?post=186962"},{"taxonomy":"post_tag","embeddable":true,"href":"https:\/\/www.europesays.com\/pt\/wp-json\/wp\/v2\/tags?post=186962"}],"curies":[{"name":"wp","href":"https:\/\/api.w.org\/{rel}","templated":true}]}}