{"id":186987,"date":"2025-12-13T20:24:47","date_gmt":"2025-12-13T20:24:47","guid":{"rendered":"https:\/\/www.europesays.com\/pt\/186987\/"},"modified":"2025-12-13T20:24:47","modified_gmt":"2025-12-13T20:24:47","slug":"associacao-de-juizes-exige-investimento-e-que-justica-seja-prioridade-politica","status":"publish","type":"post","link":"https:\/\/www.europesays.com\/pt\/186987\/","title":{"rendered":"Associa\u00e7\u00e3o de Ju\u00edzes exige investimento e que justi\u00e7a seja &#8220;prioridade pol\u00edtica&#8221;"},"content":{"rendered":"<p>                No discurso que assinalou os 50 anos desta estrutura sindical, <b>o presidente Nuno Matos mostrou-se preocupado com a falta de meios e a necessidade de reformas estruturais. <br \/>&#13;<br \/>\n<\/b><br \/>\nNa cerim\u00f3nia a decorrer no Supremo Tribunal de Justi\u00e7a, em Lisboa, <b>apelou a reformas que implicam &#8220;vontade de investir&#8221; por parte do poder pol\u00edtico.<br \/>&#13;<br \/>\n<\/b><br \/>\nEntre as principais car\u00eancias identificadas, a ASJP destacou o funcionamento deficiente dos sistemas inform\u00e1ticos,<b> o &#8220;avan\u00e7ado estado de degrada\u00e7\u00e3o&#8221; de v\u00e1rios edif\u00edcios dos tribunais e, sobretudo, a desmotiva\u00e7\u00e3o dos magistrados e o excesso de trabalho.<\/b><\/p>\n<p>A associa\u00e7\u00e3o, que representa atualmente mais de 95% de magistrados judiciais, alertou para a exist\u00eancia de <b>&#8220;ju\u00edzes desmotivados e com problemas de sa\u00fade&#8221;, consequ\u00eancia da &#8220;carga de trabalho excessiva&#8221;<\/b>, da falta de meios e de uma &#8220;evidente aus\u00eancia de valoriza\u00e7\u00e3o das suas carreiras&#8221;.<\/p>\n<p>&#13;<br \/>\nNo discurso foi ainda criticada a estagna\u00e7\u00e3o do novo paradigma de gest\u00e3o dos tribunais, apontando-se a falta de autonomia administrativa e financeira do Conselho Superior da Magistratura e dos tribunais de comarca como um entrave \u00e0 efici\u00eancia.&#13;\n<\/p>\n<p>&#13;<br \/>\nc\/ Lusa&#13;<\/p>\n","protected":false},"excerpt":{"rendered":"No discurso que assinalou os 50 anos desta estrutura sindical, o presidente Nuno Matos mostrou-se preocupado com a&hellip;\n","protected":false},"author":2,"featured_media":186988,"comment_status":"","ping_status":"","sticky":false,"template":"","format":"standard","meta":{"footnotes":"","_share_on_mastodon":"0"},"categories":[10],"tags":[37934,27,28,15,16,14,26272,25,26,21,22,12,13,19,20,32,23,24,33,17,18,29,30,31],"class_list":["post-186987","post","type-post","status-publish","format-standard","has-post-thumbnail","category-portugal","tag-an","tag-breaking-news","tag-breakingnews","tag-featured-news","tag-featurednews","tag-headlines","tag-juizes","tag-latest-news","tag-latestnews","tag-main-news","tag-mainnews","tag-news","tag-noticias","tag-noticias-principais","tag-noticiasprincipais","tag-portugal","tag-principais-noticias","tag-principaisnoticias","tag-pt","tag-top-stories","tag-topstories","tag-ultimas","tag-ultimas-noticias","tag-ultimasnoticias"],"share_on_mastodon":{"url":"https:\/\/pubeurope.com\/@pt\/115714135214458982","error":""},"_links":{"self":[{"href":"https:\/\/www.europesays.com\/pt\/wp-json\/wp\/v2\/posts\/186987","targetHints":{"allow":["GET"]}}],"collection":[{"href":"https:\/\/www.europesays.com\/pt\/wp-json\/wp\/v2\/posts"}],"about":[{"href":"https:\/\/www.europesays.com\/pt\/wp-json\/wp\/v2\/types\/post"}],"author":[{"embeddable":true,"href":"https:\/\/www.europesays.com\/pt\/wp-json\/wp\/v2\/users\/2"}],"replies":[{"embeddable":true,"href":"https:\/\/www.europesays.com\/pt\/wp-json\/wp\/v2\/comments?post=186987"}],"version-history":[{"count":0,"href":"https:\/\/www.europesays.com\/pt\/wp-json\/wp\/v2\/posts\/186987\/revisions"}],"wp:featuredmedia":[{"embeddable":true,"href":"https:\/\/www.europesays.com\/pt\/wp-json\/wp\/v2\/media\/186988"}],"wp:attachment":[{"href":"https:\/\/www.europesays.com\/pt\/wp-json\/wp\/v2\/media?parent=186987"}],"wp:term":[{"taxonomy":"category","embeddable":true,"href":"https:\/\/www.europesays.com\/pt\/wp-json\/wp\/v2\/categories?post=186987"},{"taxonomy":"post_tag","embeddable":true,"href":"https:\/\/www.europesays.com\/pt\/wp-json\/wp\/v2\/tags?post=186987"}],"curies":[{"name":"wp","href":"https:\/\/api.w.org\/{rel}","templated":true}]}}