{"id":186990,"date":"2025-12-13T20:31:24","date_gmt":"2025-12-13T20:31:24","guid":{"rendered":"https:\/\/www.europesays.com\/pt\/186990\/"},"modified":"2025-12-13T20:31:24","modified_gmt":"2025-12-13T20:31:24","slug":"marido-visita-isabel-veloso-em-hospital-e-relata-complicacoes-impossivel-nao-se-impressionar","status":"publish","type":"post","link":"https:\/\/www.europesays.com\/pt\/186990\/","title":{"rendered":"Marido visita Isabel Veloso em hospital e relata complica\u00e7\u00f5es: &#8216;Imposs\u00edvel n\u00e3o se impressionar&#8217;"},"content":{"rendered":"<p>\n                        Lucas Borbas destacou que &#8216;O tratamento tem sido dif\u00edcil&#8217;, mas segue esperan\u00e7oso\n                    <\/p>\n<p>\n                                    13 dez<br \/>\n                                    2025<br \/>\n                                     &#8211; 15h48\n                                <\/p>\n<p>\n                                                                                                                        (atualizado \u00e0s 15h54)\n                                                                            <\/p>\n<p><img loading=\"lazy\" decoding=\"async\" alt=\"Lucas Borbas tem acompanhado Isabel Veloso durante interna\u00e7\u00e3o em Curitiba\" class=\"img-655ad47132f76c2da8e7024763cad4a8bctrfh6l\" height=\"1032\" src=\"https:\/\/www.europesays.com\/pt\/wp-content\/uploads\/2025\/12\/1350341468-e5ck3yjdefdwrn5xpw62jsvr64.jpg\"  title=\"Lucas Borbas tem acompanhado Isabel Veloso durante interna\u00e7\u00e3o em Curitiba\" width=\"774\"\/><\/p>\n<p>Lucas Borbas tem acompanhado Isabel Veloso durante interna\u00e7\u00e3o em Curitiba<\/p>\n<p>Foto: @lucasborbass via Instagram \/ Estad\u00e3o<\/p>\n<p class=\"text\"><b>Lucas Borbas<\/b>, marido de <b>Isabel Veloso<\/b>, compartilhou um story em seu Instagram atualizando o <b>estado de sa\u00fade <\/b>da influenciadora na tarde deste s\u00e1bado, 13. Ele relatou &#8220;complica\u00e7\u00f5es&#8221; e afirmou que &#8220;\u00e9 imposs\u00edvel n\u00e3o se impressionar&#8221;.<\/p>\n<p class=\"text\">&#8220;Isabel teve algumas complica\u00e7\u00f5es nesses dias. O tratamento tem sido dif\u00edcil e, por momentos, refrat\u00e1rio. Hoje fui visit\u00e1-la&#8230;. Sinceramente, \u00e9 imposs\u00edvel n\u00e3o se impressionar. Mesmo em um momento t\u00e3o delicado, ela segue sendo forte, segue sendo luz. Isabel consegue iluminar at\u00e9 os dias mais dif\u00edceis. Voc\u00ea \u00e9 inspira\u00e7\u00e3o. Voc\u00ea \u00e9 luz. Te amo&#8221;, escreveu.<\/p>\n<p class=\"text\">Isabel Veloso est\u00e1 internada na Unidade de Terapia Intensiva (UTI) de um hospital desde o dia 26 de novembro. \u00c0 \u00e9poca, exames apontaram excesso de magn\u00e9sio em seu sangue.<\/p>\n<p class=\"text\">Ela chegou a receber alta e foi para o quarto, mas posteriormente passou por um quadro grave de pneumonia que a fez retornar \u00e0 UTI, onde foi intubada.<\/p>\n<p class=\"text\">A influenciadora passou por diversos problemas de sa\u00fade nos \u00faltimos anos, desde que foi diagnosticada com um linfoma de hodgkin em 2021.<\/p>\n<p class=\"text\">Segundo relatos seus e de sua fam\u00edlia nas redes sociais, tamb\u00e9m foi diagnosticada com outras doen\u00e7as como hepatite e pancreatite recentemente. Em outubro, ela passou por um transplante de medula \u00f3ssea.<\/p>\n","protected":false},"excerpt":{"rendered":"Lucas Borbas destacou que &#8216;O tratamento tem sido dif\u00edcil&#8217;, mas segue esperan\u00e7oso 13 dez 2025 &#8211; 15h48 (atualizado&hellip;\n","protected":false},"author":2,"featured_media":186991,"comment_status":"","ping_status":"","sticky":false,"template":"","format":"standard","meta":{"footnotes":""},"categories":[145],"tags":[211,210,114,115,7733,32,33],"class_list":{"0":"post-186990","1":"post","2":"type-post","3":"status-publish","4":"format-standard","5":"has-post-thumbnail","7":"category-celebridades","8":"tag-celebridades","9":"tag-celebrities","10":"tag-entertainment","11":"tag-entretenimento","12":"tag-isabel-veloso","13":"tag-portugal","14":"tag-pt"},"share_on_mastodon":{"url":"https:\/\/pubeurope.com\/@pt\/115714162987600355","error":""},"_links":{"self":[{"href":"https:\/\/www.europesays.com\/pt\/wp-json\/wp\/v2\/posts\/186990","targetHints":{"allow":["GET"]}}],"collection":[{"href":"https:\/\/www.europesays.com\/pt\/wp-json\/wp\/v2\/posts"}],"about":[{"href":"https:\/\/www.europesays.com\/pt\/wp-json\/wp\/v2\/types\/post"}],"author":[{"embeddable":true,"href":"https:\/\/www.europesays.com\/pt\/wp-json\/wp\/v2\/users\/2"}],"replies":[{"embeddable":true,"href":"https:\/\/www.europesays.com\/pt\/wp-json\/wp\/v2\/comments?post=186990"}],"version-history":[{"count":0,"href":"https:\/\/www.europesays.com\/pt\/wp-json\/wp\/v2\/posts\/186990\/revisions"}],"wp:featuredmedia":[{"embeddable":true,"href":"https:\/\/www.europesays.com\/pt\/wp-json\/wp\/v2\/media\/186991"}],"wp:attachment":[{"href":"https:\/\/www.europesays.com\/pt\/wp-json\/wp\/v2\/media?parent=186990"}],"wp:term":[{"taxonomy":"category","embeddable":true,"href":"https:\/\/www.europesays.com\/pt\/wp-json\/wp\/v2\/categories?post=186990"},{"taxonomy":"post_tag","embeddable":true,"href":"https:\/\/www.europesays.com\/pt\/wp-json\/wp\/v2\/tags?post=186990"}],"curies":[{"name":"wp","href":"https:\/\/api.w.org\/{rel}","templated":true}]}}