{"id":186996,"date":"2025-12-13T20:35:40","date_gmt":"2025-12-13T20:35:40","guid":{"rendered":"https:\/\/www.europesays.com\/pt\/186996\/"},"modified":"2025-12-13T20:35:40","modified_gmt":"2025-12-13T20:35:40","slug":"vitoria-e-a-heranca-voltam-a-ser-as-novelas-mais-vistas","status":"publish","type":"post","link":"https:\/\/www.europesays.com\/pt\/186996\/","title":{"rendered":"\u00abVit\u00f3ria\u00bb e \u00abA Heran\u00e7a\u00bb voltam a ser as novelas mais vistas"},"content":{"rendered":"<p>Aa novelas Vit\u00f3ria e A Heran\u00e7a voltaram a ser as mais vistas nesta sexta-feira.<\/p>\n<p style=\"text-align: justify;\"><strong>Vit\u00f3ria <\/strong>registou uma audi\u00eancia m\u00e9dia de 6,8% de rating e 15,3% de share.<\/p>\n<p style=\"text-align: justify;\">Na TVI <b>Terra Forte<\/b> terminou com uma audi\u00eancia m\u00e9dia de 6,6% de rating e 15,0% de share.<\/p>\n<p style=\"text-align: justify;\">No hor\u00e1rio seguinte <strong>A Heran\u00e7a<\/strong> manteve a lideran\u00e7a do lado da SIC e terminou com uma audi\u00eancia m\u00e9dia de 6,8% de rating e 19,4% de share.<\/p>\n","protected":false},"excerpt":{"rendered":"Aa novelas Vit\u00f3ria e A Heran\u00e7a voltaram a ser as mais vistas nesta sexta-feira. Vit\u00f3ria registou uma audi\u00eancia&hellip;\n","protected":false},"author":2,"featured_media":186997,"comment_status":"","ping_status":"","sticky":false,"template":"","format":"standard","meta":{"footnotes":""},"categories":[142],"tags":[2795,805,114,115,32,33,18614,151,1698],"class_list":{"0":"post-186996","1":"post","2":"type-post","3":"status-publish","4":"format-standard","5":"has-post-thumbnail","7":"category-tv","8":"tag-a-heranca","9":"tag-audiencias","10":"tag-entertainment","11":"tag-entretenimento","12":"tag-portugal","13":"tag-pt","14":"tag-terra-forte","15":"tag-tv","16":"tag-vitoria"},"share_on_mastodon":{"url":"https:\/\/pubeurope.com\/@pt\/115714177365748002","error":""},"_links":{"self":[{"href":"https:\/\/www.europesays.com\/pt\/wp-json\/wp\/v2\/posts\/186996","targetHints":{"allow":["GET"]}}],"collection":[{"href":"https:\/\/www.europesays.com\/pt\/wp-json\/wp\/v2\/posts"}],"about":[{"href":"https:\/\/www.europesays.com\/pt\/wp-json\/wp\/v2\/types\/post"}],"author":[{"embeddable":true,"href":"https:\/\/www.europesays.com\/pt\/wp-json\/wp\/v2\/users\/2"}],"replies":[{"embeddable":true,"href":"https:\/\/www.europesays.com\/pt\/wp-json\/wp\/v2\/comments?post=186996"}],"version-history":[{"count":0,"href":"https:\/\/www.europesays.com\/pt\/wp-json\/wp\/v2\/posts\/186996\/revisions"}],"wp:featuredmedia":[{"embeddable":true,"href":"https:\/\/www.europesays.com\/pt\/wp-json\/wp\/v2\/media\/186997"}],"wp:attachment":[{"href":"https:\/\/www.europesays.com\/pt\/wp-json\/wp\/v2\/media?parent=186996"}],"wp:term":[{"taxonomy":"category","embeddable":true,"href":"https:\/\/www.europesays.com\/pt\/wp-json\/wp\/v2\/categories?post=186996"},{"taxonomy":"post_tag","embeddable":true,"href":"https:\/\/www.europesays.com\/pt\/wp-json\/wp\/v2\/tags?post=186996"}],"curies":[{"name":"wp","href":"https:\/\/api.w.org\/{rel}","templated":true}]}}