{"id":187018,"date":"2025-12-13T20:56:13","date_gmt":"2025-12-13T20:56:13","guid":{"rendered":"https:\/\/www.europesays.com\/pt\/187018\/"},"modified":"2025-12-13T20:56:13","modified_gmt":"2025-12-13T20:56:13","slug":"esneca-fraga-benfica-wse-champions-league","status":"publish","type":"post","link":"https:\/\/www.europesays.com\/pt\/187018\/","title":{"rendered":"Esneca Fraga Benfica WSE Champions League"},"content":{"rendered":"<tr style=\"background-color: white; border-bottom: 1px solid white;\">\n<td style=\"font-weight: bold; font-size: 30px;\" colspan=\"2\">WSE Champions League Women<\/td>\n<\/tr>\n<tr>\n<td colspan=\"2\">2.\u00aa jornada<br \/>Grupo B<\/td>\n<\/tr>\n<tr>\n<td style=\"padding: 10px 0; background-color: #f2f2f2!important;\" colspan=\"2\"><strong>RESULTADO FINAL<\/strong><\/td>\n<\/tr>\n<tr>\n<td style=\"font-size: 20px;\"><strong>CP Esneca Fraga<\/strong><\/td>\n<td style=\"border-right: 1px solid #f4f4f4; font-size: 55px;\"><strong>2<\/strong><\/td>\n<\/tr>\n<tr class=\"red\">\n<td style=\"font-size: 20px;\"><strong>Benfica<\/strong><\/td>\n<td style=\"border-right: 1px solid #f4f4f4; font-size: 55px;\"><strong>2<\/strong><\/td>\n<\/tr>\n<tr>\n<td style=\"background-color: #f2f2f2!important;\" colspan=\"2\"><strong>Marcadoras<\/strong><\/td>\n<\/tr>\n<tr>\n<td style=\"border-right: 1px solid #f4f4f4;\">Adriana Soto 44&#8242;<br \/>Adriana Soto 50&#8242;<\/td>\n<td>Raquel Santos <strong>7&#8242;<br \/><\/strong>Marlene Sousa<strong> 18&#8242;<\/strong><\/td>\n<\/tr>\n<p>Ap\u00f3s uma 1.\u00aa parte de alt\u00edssimo n\u00edvel, a <a href=\"https:\/\/www.slbenfica.pt\/pt-pt\/modalidades\/hoquei?teamGender=female&amp;teamRank=16094ecf-9e78-4e3e-bcdf-28e4f765de9f\" rel=\"nofollow noopener\" target=\"_blank\"><strong>equipa feminina de h\u00f3quei em patins do Benfica<\/strong><\/a> n\u00e3o conseguiu segurar o assalto final do CP Esneca Fraga e consentiu o empate (2-2) ao cair do pano, no duelo da 2.\u00aa jornada do Grupo B da WSE Champions League Women.<\/p>\n<p>Com <strong>organiza\u00e7\u00e3o t\u00e1tica<\/strong> e uma <strong>circula\u00e7\u00e3o de bola veloz<\/strong>, as \u00e1guias demonstraram uma <strong>postura autorit\u00e1ria<\/strong> num recinto dif\u00edcil e, logo aos <strong>7&#8242;<\/strong>, <strong>Raquel Santos inaugurou o marcador<\/strong> com um potente disparo. Logo a seguir ao <strong>0-1<\/strong>, a mesma jogadora teve uma <strong>grande oportunidade<\/strong> para bisar, mas n\u00e3o conseguiu vencer o um contra um frente \u00e0 guardi\u00e3 Anna Ferrer.<\/p>\n<p>Aos <strong>14&#8242;<\/strong>, <strong>Maria Sofia Silva<\/strong> viu o <strong>cart\u00e3o azul<\/strong> e deixou o Benfica em inferioridade num\u00e9rica. No entanto, a equipa manteve-se <strong>bem posicionada<\/strong> e n\u00e3o\u00a0permitiu que a baliza \u00e0 guarda de <strong>Maria Vieira<\/strong> fosse amea\u00e7ada.<\/p>\n<p>Tr\u00eas minutos volvidos <strong>(17&#8242;)<\/strong>, foi a vez de Vinyet Flix abandonar o rinque ap\u00f3s ver um <strong>cart\u00e3o azul<\/strong>. Mais eficaz e acutilante do que as advers\u00e1rias, a <strong>equipa comandada por Paulo Almeida<\/strong> n\u00e3o desperdi\u00e7ou os 2&#8242; em power play e, aos <strong>18&#8242;<\/strong>, ampliou para <strong>0-2<\/strong> gra\u00e7as a um\u00a0<strong>desvio vitorioso de Marlene Sousa<\/strong>, \u00e0 boca da baliza.<\/p>\n<p>No final de uma primeira parte movimentada, <strong>Aim\u00e9e Blackman<\/strong> cometeu falta para <strong>pen\u00e1lti<\/strong>, aos <strong>20&#8242;<\/strong>. Julieta Fern\u00e1ndez avan\u00e7ou para a cobran\u00e7a, mas <strong>Maria Vieira travou o remate<\/strong>.\u00a0A <strong>guarda-redes do Benfica manteve-se em alta<\/strong> at\u00e9 ao intervalo, evitando que as espanholas reduzissem, e at\u00e9 foram as <strong>\u00e1guias que estiveram mais perto do golo<\/strong>: num contra-ataque, aos <strong>21&#8242;<\/strong>, <strong>Sara Roces<\/strong> viu o seu disparo devolvido pela <strong>trave<\/strong>.<\/p>\n<p><img decoding=\"async\" src=\"https:\/\/www.europesays.com\/pt\/wp-content\/uploads\/2025\/12\/marlene-sousa-thumbnail.jpg\" alt=\"Marlene Sousa\" width=\"926px\" height=\"522px\"\/><\/p>\n<p>Na <strong>2.\u00aa parte<\/strong>, o conjunto espanhol entrou determinado a reentrar na discuss\u00e3o da partida, mas o ass\u00e9dio junto da baliza encarnada s\u00f3 deu frutos aos <strong>44&#8242;<\/strong>. Ap\u00f3s uma boa jogada individual, Adriana Soto arriscou um remate de longe, a bola sofreu um <strong>ligeiro desvio<\/strong> na muralha defensiva das \u00e1guias e\u00a0<strong>enganou Maria Vieira<\/strong>.<\/p>\n<p>Com dificuldades a sair do seu meio-campo desde o intervalo, o <strong>Benfica<\/strong> foi ainda mais <strong>empurrado para a sua \u00e1rea<\/strong> e, a <strong>12 segundos<\/strong> do final, o CP Esneca Fraga conseguiu chegar ao empate. Na sequ\u00eancia de novo disparo de Adriana Soto, a defesa encarnada n\u00e3o conseguiu afastar a bola e esta acabou por ultrapassar ligeiramente a linha de baliza para o <strong>2-2<\/strong>.<\/p>\n<p>Conclu\u00edda mais uma jornada europeia, o AF Arazede \u00e9 o advers\u00e1rio que se segue no calend\u00e1rio das \u00e1guias: a rece\u00e7\u00e3o \u00e0 equipa de Montemor-o-Velho, da <strong>8.\u00aa jornada da Zona Sul do Campeonato Nacional<\/strong>, est\u00e1 aprazada para as <strong>19h00<\/strong> do pr\u00f3ximo <strong>s\u00e1bado<\/strong>, <strong>20 de dezembro<\/strong>, no <strong>Pavilh\u00e3o Fidelidade<\/strong>.<\/p>\n<p><img decoding=\"async\" src=\"https:\/\/www.europesays.com\/pt\/wp-content\/uploads\/2025\/12\/grupo-thumbnail.jpg\" alt=\"Equipa do Benfica\" width=\"926px\" height=\"522px\"\/><\/p>\n<tr>\n<td style=\"background-color: #f2f2f2!important;\" colspan=\"3\"><strong>WSE Champions League Women | 2.\u00aa jornada | Grupo B | 13\/12\/2025<\/strong><\/td>\n<\/tr>\n<tr style=\"background-color: #ffffff;\">\n<td style=\"font-size: 25px !important; font-weight: 500; padding: 0 0 20px;\" colspan=\"3\">CP Esneca Fraga-Benfica<br \/>2-2<br \/>Pavilh\u00e3o del Sotet<\/td>\n<\/tr>\n<tr>\n<td style=\"background-color: #f2f2f2!important;\" colspan=\"3\"><strong>Cinco inicial do Benfica<\/strong><\/td>\n<\/tr>\n<tr>\n<td style=\"padding: 15px 20px;\" colspan=\"3\">Maria Vieira, Marlene Sousa, Aim\u00e9e Blackman, Sara Roces e Raquel Santos<\/td>\n<\/tr>\n<tr>\n<td style=\"background-color: #f2f2f2!important;\" colspan=\"3\"><strong>Suplentes<\/strong><\/td>\n<\/tr>\n<tr>\n<td style=\"padding: 15px 20px;\" colspan=\"3\">Lili Buchoux, Sofia Monc\u00f3vio, In\u00eas Severino, Maria Sofia Silva e Leonor Coelho<\/td>\n<\/tr>\n<tr>\n<td style=\"background-color: #f2f2f2!important;\" colspan=\"3\"><strong>Treinador do Benfica<\/strong><\/td>\n<\/tr>\n<tr>\n<td style=\"padding: 15px 20px;\" colspan=\"3\">Paulo Almeida<\/td>\n<\/tr>\n<tr>\n<td style=\"background-color: #f2f2f2!important;\" colspan=\"3\"><strong>Cinco inicial do CP Esneca Fraga<\/strong><\/td>\n<\/tr>\n<tr>\n<td style=\"padding: 15px 20px;\" colspan=\"3\">Anna Ferrer, Aina Arx\u00e9, Adriana Soto, Carla Fontdegloria e Mar\u00eda Sanjurjo<\/td>\n<\/tr>\n<tr>\n<td style=\"background-color: #f2f2f2!important;\" colspan=\"3\"><strong>Suplentes<\/strong><\/td>\n<\/tr>\n<tr>\n<td style=\"padding: 15px 20px;\" colspan=\"3\">Leyre L\u00f3pez, Teresa Pay\u00e1, Julieta Fern\u00e1ndez, Vinyet Flix e Marlena Rubio<\/td>\n<\/tr>\n<tr>\n<td style=\"border-right: 1px solid #f4f4f4;\" colspan=\"2\"><strong>Ao intervalo<\/strong><\/td>\n<td colspan=\"1\">0-2<\/td>\n<\/tr>\n<tr>\n<td style=\"background-color: #f2f2f2!important;\" colspan=\"3\"><strong>Golos<\/strong><\/td>\n<\/tr>\n<tr>\n<td colspan=\"3\"><strong>Benfica:<\/strong> Raquel Santos (7&#8242;) e Marlene Sousa (18&#8242;); CP Esneca Fraga: Adriana Soto (44&#8242; e 50&#8242;)<\/td>\n<\/tr>\n<tr>\n<td style=\"background-color: #f2f2f2!important;\" colspan=\"3\"><strong>Marcha do marcador<\/strong><\/td>\n<\/tr>\n<tr>\n<td colspan=\"3\">0-2; 2-2<\/td>\n<\/tr>\n","protected":false},"excerpt":{"rendered":"WSE Champions League Women 2.\u00aa jornadaGrupo B RESULTADO FINAL CP Esneca Fraga 2 Benfica 2 Marcadoras Adriana Soto&hellip;\n","protected":false},"author":2,"featured_media":187019,"comment_status":"","ping_status":"","sticky":false,"template":"","format":"standard","meta":{"footnotes":""},"categories":[87],"tags":[135,32,33,134],"class_list":{"0":"post-187018","1":"post","2":"type-post","3":"status-publish","4":"format-standard","5":"has-post-thumbnail","7":"category-desporto","8":"tag-desporto","9":"tag-portugal","10":"tag-pt","11":"tag-sports"},"share_on_mastodon":{"url":"https:\/\/pubeurope.com\/@pt\/115714260373369653","error":""},"_links":{"self":[{"href":"https:\/\/www.europesays.com\/pt\/wp-json\/wp\/v2\/posts\/187018","targetHints":{"allow":["GET"]}}],"collection":[{"href":"https:\/\/www.europesays.com\/pt\/wp-json\/wp\/v2\/posts"}],"about":[{"href":"https:\/\/www.europesays.com\/pt\/wp-json\/wp\/v2\/types\/post"}],"author":[{"embeddable":true,"href":"https:\/\/www.europesays.com\/pt\/wp-json\/wp\/v2\/users\/2"}],"replies":[{"embeddable":true,"href":"https:\/\/www.europesays.com\/pt\/wp-json\/wp\/v2\/comments?post=187018"}],"version-history":[{"count":0,"href":"https:\/\/www.europesays.com\/pt\/wp-json\/wp\/v2\/posts\/187018\/revisions"}],"wp:featuredmedia":[{"embeddable":true,"href":"https:\/\/www.europesays.com\/pt\/wp-json\/wp\/v2\/media\/187019"}],"wp:attachment":[{"href":"https:\/\/www.europesays.com\/pt\/wp-json\/wp\/v2\/media?parent=187018"}],"wp:term":[{"taxonomy":"category","embeddable":true,"href":"https:\/\/www.europesays.com\/pt\/wp-json\/wp\/v2\/categories?post=187018"},{"taxonomy":"post_tag","embeddable":true,"href":"https:\/\/www.europesays.com\/pt\/wp-json\/wp\/v2\/tags?post=187018"}],"curies":[{"name":"wp","href":"https:\/\/api.w.org\/{rel}","templated":true}]}}