{"id":187022,"date":"2025-12-13T20:59:09","date_gmt":"2025-12-13T20:59:09","guid":{"rendered":"https:\/\/www.europesays.com\/pt\/187022\/"},"modified":"2025-12-13T20:59:09","modified_gmt":"2025-12-13T20:59:09","slug":"geminideas-pico-da-ultima-chuva-de-estrelas-cadentes-do-ano-e-esta-noite-astronomia","status":"publish","type":"post","link":"https:\/\/www.europesays.com\/pt\/187022\/","title":{"rendered":"Gemin\u00eddeas: pico da \u00faltima chuva de estrelas cadentes do ano \u00e9 esta noite | Astronomia"},"content":{"rendered":"<p>A \u00faltima grande chuva de estrelas do ano atinge o seu pico de intensidade na noite deste s\u00e1bado para domingo: o fen\u00f3meno das Gemin\u00eddeas, que ocorre desde 19 de Novembro at\u00e9 \u00e0 v\u00e9spera de Natal, atinge o seu auge esta noite, com uma frequ\u00eancia que pode superar os 120 meteoros por hora, num c\u00e9u com condi\u00e7\u00f5es perfeitas de visibilidade.<\/p>\n<p>Ao contr\u00e1rio de outras chuvas de estrelas, que regra geral t\u00eam origem nas poeiras deixadas para tr\u00e1s por cometas, este fen\u00f3meno tem origem nos fragmentos de um aster\u00f3ide, o (3200) Faetonte, descoberto em 1983, um corpo celeste com uma traject\u00f3ria que passa bem perto do Sol no seu peri\u00e9lio (o ponto da \u00f3rbita mais pr\u00f3ximo da estrela) e contorna depois Marte no seu af\u00e9lio (quando est\u00e1 mais afastado do Sol). A intercep\u00e7\u00e3o com a \u00f3rbita da Terra acontece por esta altura, proporcionando a <a href=\"https:\/\/www.publico.pt\/2024\/10\/20\/ciencia\/noticia\/vem-ai-chuva-meteoros-vai-iluminar-ceu-2108468\" target=\"_blank\" rel=\"nofollow noopener\">chuva de estrelas<\/a>.<\/p>\n<p>A noite deste s\u00e1bado para domingo \u00e9 a mais indicada para prestar aten\u00e7\u00e3o aos c\u00e9us: com boas condi\u00e7\u00f5es de visibilidade \u2013 c\u00e9u limpo e pouca luminosidade \u2013, \u00e9 uma das \u201cchuvadas\u201d mais deslumbrantes do Hemisf\u00e9rio Norte, sublinha o site <a href=\"https:\/\/earthsky.org\/astronomy-essentials\/everything-you-need-to-know-geminid-meteor-shower\/\" rel=\"nofollow noopener\" target=\"_blank\">EarthSky<\/a>.<\/p>\n<p>        &#13;<\/p>\n<p>&#13;<br \/>\n                &#13;\n            <\/p>\n<p>&#13;<\/p>\n<p>Este ano, com a lua em fase minguante e a uma semana da Lua Nova, a conjuntura n\u00e3o \u00e9 perfeita, mas permitir\u00e1 boas condi\u00e7\u00f5es para avistar a entrada destes fragmentos na atmosfera terrestre. \u00c9 tamb\u00e9m importante procurar locais onde o c\u00e9u esteja mais escuro \u2013 longe da polui\u00e7\u00e3o luminosa das cidades, por exemplo, em locais com boa visibilidade, de horizonte desimpedido. Posto tudo isso, h\u00e1 ainda que ter em conta que os olhos precisam de se adaptar \u00e0 escurid\u00e3o.<\/p>\n<p>A meteorologia \u00e9 obviamente um factor determinante: o Instituto Portugu\u00eas do Mar e da Atmosfera (IPMA) antecipa c\u00e9u pouco nublado para a maior parte do territ\u00f3rio continental, permitindo ver algumas destas \u201cestrelas cadentes\u201d. O espect\u00e1culo acontece durante toda a noite, mas a melhor janela de observa\u00e7\u00e3o ser\u00e1 entre as 2h e as 3h.<\/p>\n<p>Observado pela primeira vez em 1862, este fen\u00f3meno recebeu o nome de Gemin\u00eddeas por parecer que os meteoros caem da constela\u00e7\u00e3o dos G\u00e9meos. \u00c9 a chuva de estrelas mais recente de que h\u00e1 registo, bastante mais nova do que outros pontos altos como <a href=\"https:\/\/www.publico.pt\/2025\/08\/10\/ciencia\/noticia\/perseidas-chuvisco-estrelas-cadentes-volta-iluminar-ceu-2143374\" rel=\"nofollow noopener\" target=\"_blank\">as famosas Perseidas<\/a>, com registos de observa\u00e7\u00e3o de quase dois mil anos.<\/p>\n<p>As Gemin\u00eddeas encerram o calend\u00e1rio das grandes chuvas de estrelas de 2025, depois das Perseidas em Agosto e das Ori\u00f3nidas em Outubro. As primeiras de 2026 s\u00e3o as Quadr\u00e2ntidas, no arranque do ano.<\/p>\n","protected":false},"excerpt":{"rendered":"A \u00faltima grande chuva de estrelas do ano atinge o seu pico de intensidade na noite deste s\u00e1bado&hellip;\n","protected":false},"author":2,"featured_media":187023,"comment_status":"","ping_status":"","sticky":false,"template":"","format":"standard","meta":{"footnotes":""},"categories":[84],"tags":[443,109,107,108,353,1008,3397,3396,32,33,105,103,104,106,110],"class_list":{"0":"post-187022","1":"post","2":"type-post","3":"status-publish","4":"format-standard","5":"has-post-thumbnail","7":"category-ciencia-e-tecnologia","8":"tag-astronomia","9":"tag-ciencia","10":"tag-ciencia-e-tecnologia","11":"tag-cienciaetecnologia","12":"tag-em-destaque","13":"tag-espaco","14":"tag-estrelas-cadentes","15":"tag-meteoro","16":"tag-portugal","17":"tag-pt","18":"tag-science","19":"tag-science-and-technology","20":"tag-scienceandtechnology","21":"tag-technology","22":"tag-tecnologia"},"share_on_mastodon":{"url":"https:\/\/pubeurope.com\/@pt\/115714272039168032","error":""},"_links":{"self":[{"href":"https:\/\/www.europesays.com\/pt\/wp-json\/wp\/v2\/posts\/187022","targetHints":{"allow":["GET"]}}],"collection":[{"href":"https:\/\/www.europesays.com\/pt\/wp-json\/wp\/v2\/posts"}],"about":[{"href":"https:\/\/www.europesays.com\/pt\/wp-json\/wp\/v2\/types\/post"}],"author":[{"embeddable":true,"href":"https:\/\/www.europesays.com\/pt\/wp-json\/wp\/v2\/users\/2"}],"replies":[{"embeddable":true,"href":"https:\/\/www.europesays.com\/pt\/wp-json\/wp\/v2\/comments?post=187022"}],"version-history":[{"count":0,"href":"https:\/\/www.europesays.com\/pt\/wp-json\/wp\/v2\/posts\/187022\/revisions"}],"wp:featuredmedia":[{"embeddable":true,"href":"https:\/\/www.europesays.com\/pt\/wp-json\/wp\/v2\/media\/187023"}],"wp:attachment":[{"href":"https:\/\/www.europesays.com\/pt\/wp-json\/wp\/v2\/media?parent=187022"}],"wp:term":[{"taxonomy":"category","embeddable":true,"href":"https:\/\/www.europesays.com\/pt\/wp-json\/wp\/v2\/categories?post=187022"},{"taxonomy":"post_tag","embeddable":true,"href":"https:\/\/www.europesays.com\/pt\/wp-json\/wp\/v2\/tags?post=187022"}],"curies":[{"name":"wp","href":"https:\/\/api.w.org\/{rel}","templated":true}]}}