{"id":187026,"date":"2025-12-13T21:02:25","date_gmt":"2025-12-13T21:02:25","guid":{"rendered":"https:\/\/www.europesays.com\/pt\/187026\/"},"modified":"2025-12-13T21:02:25","modified_gmt":"2025-12-13T21:02:25","slug":"gouveia-e-melo-ha-macons-candidatos-a-belem-eu-nao-sou-um","status":"publish","type":"post","link":"https:\/\/www.europesays.com\/pt\/187026\/","title":{"rendered":"Gouveia e Melo: &#8220;h\u00e1 ma\u00e7ons candidatos a Bel\u00e9m. Eu n\u00e3o sou um&#8221;"},"content":{"rendered":"<p class=\"wp-caption-text top\">Jos\u00e9 Sena Goul\u00e3o \/ Lusa<\/p>\n<p><img decoding=\"async\" loading=\"lazy\" class=\"wp-image-712189 size-kopa-image-size-3\" src=\"https:\/\/www.europesays.com\/pt\/wp-content\/uploads\/2025\/12\/838ece1033bf7c7468e873e79ba2a3ec-2-783x450.jpg\" alt=\"\" width=\"700\" height=\"402\"  \/><\/p>\n<p class=\"wp-caption-text bot\">Henrique Gouveia e Melo<\/p>\n<p><strong>\u201cH\u00e1 muitos ma\u00e7ons no Governo e ma\u00e7ons candidatos \u00e0s presidenciais\u201d, disse o candidato \u00e0 presid\u00eancia da Rep\u00fablica (sem apontar nomes). \u201cAndam a tentar salpicar a minha farda branca\u201d.<\/strong><\/p>\n<p>O candidato \u00e0 Presid\u00eancia da Rep\u00fablica <strong>Henrique Gouveia e Melo<\/strong> diz que \u201ch\u00e1 muitos ma\u00e7ons no Governo e ma\u00e7ons candidatos \u00e0s presidenciais\u201d.<\/p>\n<p>Em entrevista \u00e0 <a href=\"https:\/\/rr.pt\/especial\/politica\/2025\/12\/12\/gouveia-e-melo-ha-macons-candidatos-as-presidenciais\/451247\/\" data-wpel-link=\"external\" target=\"_blank\" rel=\"nofollow external noopener noreferrer\" class=\"ext-link\">Renascen\u00e7a<\/a>, o almirante na reserva sublinhou que ele pr\u00f3prio n\u00e3o pertence \u00e0 Ma\u00e7onaria. Mas tamb\u00e9m se recusou a dizer quem, em concreto, \u00e9 que acredita pertencer \u00e0 organiza\u00e7\u00e3o.<\/p>\n<p>\u201cEu, que n\u00e3o sou ma\u00e7on, andam a tentar salpicar a minha farda branca\u201d, apontou, visivelmente irritado com as alega\u00e7\u00f5es de que tem sido alvo desde o in\u00edcio da sua candidatura. No entanto, Gouveia e Melo n\u00e3o quis apontar nomes. \u201cAs pessoas \u00e9 que t\u00eam de se assumir. Eu n\u00e3o sou um denunciante\u201d, disse.<\/p>\n<p>Recorde-se que Gouveia e Melo recebeu inicialmente o apoio de um grupo, intitulado MAAP (Movimento de Apoio do Almirante a Presidente) fortemente ligado \u00e0 Ma\u00e7onaria, do qual se <a href=\"https:\/\/zap.aeiou.pt\/almirante-apoio-de-macons-influentes-651197\" data-wpel-link=\"internal\" rel=\"nofollow noopener\" target=\"_blank\">distanciou<\/a>. Depois de o almirante na reserva ter rejeitado o apoio do movimento cujo uma das principais figuras era Jos\u00e9 Manuel Anes, antigo gr\u00e3o-mestre da Grande Loja Legal de Portugal, o <a href=\"https:\/\/zap.aeiou.pt\/macons-vao-ficar-quietinhos-movimento-de-apoio-ao-almirante-recua-654900\" data-wpel-link=\"internal\" rel=\"nofollow noopener\" target=\"_blank\">MAAP afastou-se<\/a> da candidatura, por n\u00e3o querer \u201carranjar mais complica\u00e7\u00f5es\u201d.<\/p>\n<p>\u00c0 Renascen\u00e7a, o candidato n\u00e3o excluiu a ideia de se realizar um referendo para a eutan\u00e1sia e pede um maior investimento nos cuidados paliativos. E rejeita o cen\u00e1rio de Portugal fazer \u201crepara\u00e7\u00f5es hist\u00f3ricas\u201d \u00e0s antigas col\u00f3nias.<\/p>\n<p>    <a href=\"https:\/\/zap.aeiou.pt\/subscrever-newsletter\" data-wpel-link=\"internal\" rel=\"nofollow noopener\" target=\"_blank\">&#13;<br \/>\n        <img loading=\"lazy\" decoding=\"async\" class=\"aligncenter size-full wp-image-575475\" src=\"https:\/\/www.europesays.com\/pt\/wp-content\/uploads\/2025\/12\/1765389371_545_2d51fe4a0ba54894421ead1809309ed9-1-450x140.jpg\" alt=\"Subscreva a Newsletter ZAP\" width=\"450\" height=\"140\"\/>&#13;<br \/>\n    <\/a><\/p>\n<p>                <a href=\"https:\/\/whatsapp.com\/channel\/0029VaIC4EE2f3EJZPPSbR34\" data-wpel-link=\"external\" target=\"_blank\" rel=\"nofollow external noopener noreferrer\" class=\"ext-link\">&#13;<br \/>\n                    <img loading=\"lazy\" decoding=\"async\" class=\"aligncenter size-full wp-image-575475\" src=\"https:\/\/www.europesays.com\/pt\/wp-content\/uploads\/2025\/12\/1765389371_770_c68c559d956d4ca20f435ed74a6e71e6.png\" alt=\"Siga-nos no WhatsApp\" width=\"175\" height=\"64\"\/>&#13;<br \/>\n                <\/a><\/p>\n<p>                <a href=\"https:\/\/news.google.com\/publications\/CAAiEHRwZondIV71PDjWNoqMduEqFAgKIhB0cGaJ3SFe9Tw41jaKjHbh?hl=en-US&amp;gl=US&amp;ceid=US%3Aen\" data-wpel-link=\"external\" target=\"_blank\" rel=\"nofollow external noopener noreferrer\" class=\"ext-link\">&#13;<br \/>\n                    <img loading=\"lazy\" decoding=\"async\" class=\"aligncenter size-full wp-image-575475\" src=\"https:\/\/www.europesays.com\/pt\/wp-content\/uploads\/2025\/12\/1765389372_556_5123dd8b087b644fdb8f8603acd1bad4.png\" alt=\"Siga-nos no Google News\" width=\"176\" height=\"64\"\/>&#13;<br \/>\n                <\/a><\/p>\n","protected":false},"excerpt":{"rendered":"Jos\u00e9 Sena Goul\u00e3o \/ Lusa Henrique Gouveia e Melo \u201cH\u00e1 muitos ma\u00e7ons no Governo e ma\u00e7ons candidatos \u00e0s&hellip;\n","protected":false},"author":2,"featured_media":187027,"comment_status":"","ping_status":"","sticky":false,"template":"","format":"standard","meta":{"footnotes":""},"categories":[10],"tags":[27,28,15,16,9498,14,25,26,23962,21,22,12,13,19,20,52,32,1076,23,24,33,17,18,29,30,31],"class_list":{"0":"post-187026","1":"post","2":"type-post","3":"status-publish","4":"format-standard","5":"has-post-thumbnail","7":"category-portugal","8":"tag-breaking-news","9":"tag-breakingnews","10":"tag-featured-news","11":"tag-featurednews","12":"tag-gouveia-e-melo","13":"tag-headlines","14":"tag-latest-news","15":"tag-latestnews","16":"tag-maconaria","17":"tag-main-news","18":"tag-mainnews","19":"tag-news","20":"tag-noticias","21":"tag-noticias-principais","22":"tag-noticiasprincipais","23":"tag-politica","24":"tag-portugal","25":"tag-presidenciais-2026","26":"tag-principais-noticias","27":"tag-principaisnoticias","28":"tag-pt","29":"tag-top-stories","30":"tag-topstories","31":"tag-ultimas","32":"tag-ultimas-noticias","33":"tag-ultimasnoticias"},"share_on_mastodon":{"url":"https:\/\/pubeurope.com\/@pt\/115714283825842580","error":""},"_links":{"self":[{"href":"https:\/\/www.europesays.com\/pt\/wp-json\/wp\/v2\/posts\/187026","targetHints":{"allow":["GET"]}}],"collection":[{"href":"https:\/\/www.europesays.com\/pt\/wp-json\/wp\/v2\/posts"}],"about":[{"href":"https:\/\/www.europesays.com\/pt\/wp-json\/wp\/v2\/types\/post"}],"author":[{"embeddable":true,"href":"https:\/\/www.europesays.com\/pt\/wp-json\/wp\/v2\/users\/2"}],"replies":[{"embeddable":true,"href":"https:\/\/www.europesays.com\/pt\/wp-json\/wp\/v2\/comments?post=187026"}],"version-history":[{"count":0,"href":"https:\/\/www.europesays.com\/pt\/wp-json\/wp\/v2\/posts\/187026\/revisions"}],"wp:featuredmedia":[{"embeddable":true,"href":"https:\/\/www.europesays.com\/pt\/wp-json\/wp\/v2\/media\/187027"}],"wp:attachment":[{"href":"https:\/\/www.europesays.com\/pt\/wp-json\/wp\/v2\/media?parent=187026"}],"wp:term":[{"taxonomy":"category","embeddable":true,"href":"https:\/\/www.europesays.com\/pt\/wp-json\/wp\/v2\/categories?post=187026"},{"taxonomy":"post_tag","embeddable":true,"href":"https:\/\/www.europesays.com\/pt\/wp-json\/wp\/v2\/tags?post=187026"}],"curies":[{"name":"wp","href":"https:\/\/api.w.org\/{rel}","templated":true}]}}