{"id":187042,"date":"2025-12-13T21:20:42","date_gmt":"2025-12-13T21:20:42","guid":{"rendered":"https:\/\/www.europesays.com\/pt\/187042\/"},"modified":"2025-12-13T21:20:42","modified_gmt":"2025-12-13T21:20:42","slug":"camara-de-aveiro-revoga-plano-do-cais-do-paraiso","status":"publish","type":"post","link":"https:\/\/www.europesays.com\/pt\/187042\/","title":{"rendered":"C\u00e2mara de Aveiro revoga plano do Cais do Para\u00edso"},"content":{"rendered":"<p data-remotead-prev-elm=\"true\" data-remotead-elm-id=\"inread\">A revoga\u00e7\u00e3o do Plano de Pormenor do Cais do Para\u00edso, em Aveiro, foi esta sexta-feira aprovada, em reuni\u00e3o de C\u00e2mara, com os votos do PS &#8211; que levou o assunto \u00e0 discuss\u00e3o &#8211; e do Chega. Os vereadores com pelouro, eleitos pela coliga\u00e7\u00e3o PSD\/CDS\/PPM, foram contra. Mas o documento que permite a constru\u00e7\u00e3o de um hotel de 12 pisos ainda ter\u00e1, agora, de ir novamente \u00e0 Assembleia Municipal, onde, ao contr\u00e1rio da C\u00e2mara, a coliga\u00e7\u00e3o tem maioria absoluta.<\/p>\n<p>Lu\u00eds Souto, l\u00edder do munic\u00edpio, que, tal como o seu antecessor, Ribau Esteves, defende a constru\u00e7\u00e3o de uma unidade hoteleira de estrelas naquele local, alertou a cinco Oposi\u00e7\u00e3o para o facto de a lei dizer que o plano de pormenor s\u00f3 pode ser revogado sob determinadas circunst\u00e2ncias: &#8220;Sempre que a avalia\u00e7\u00e3o da evolu\u00e7\u00e3o das condi\u00e7\u00f5es ambientais, sociais e culturais assim o determine&#8221;.<\/p>\n<p>&#8220;O que se alterou desde setembro? Nada. Tenham bem no\u00e7\u00e3o daquilo que est\u00e3o a fazer&#8221;, anunciou o edil, acrescentando que, com a revoga\u00e7\u00e3o, &#8220;n\u00e3o se pode excluir a possibilidade de serem intentados processos [contra a autarquia], em que os autores visem indemniza\u00e7\u00f5es&#8221;.<\/p>\n<p data-remotead-prev-elm=\"true\" data-remotead-elm-id=\"centro1\">A resposta surgiu por parte de Diogo Machado, do Chega: &#8220;Nestas elei\u00e7\u00f5es, mais sete mil e tal pessoas votaram no PS do que em 2021. Isso \u00e9 uma altera\u00e7\u00e3o das condi\u00e7\u00f5es sociais&#8221;. E a socialista Isabel Vila-Ch\u00e3 referiu que os vereadores do PS sentem estar &#8220;mandatados [pelos candidatos] para promover a revoga\u00e7\u00e3o&#8221;.<\/p>\n<p><strong>300 postos de trabalho<\/strong><\/p>\n<p>Segundo Lu\u00eds Souto, a C\u00e2mara n\u00e3o tem, atualmente, &#8220;compromissos estabelecidos, no sentido de um eventual licenciamento&#8221; de uma unidade hoteleira para o Cais. At\u00e9 porque o investidor interessado, que apresentou um pedido de informa\u00e7\u00e3o pr\u00e9via, ainda n\u00e3o \u00e9 propriet\u00e1rio de todas as parcelas de terreno onde poder\u00e1 construir. Mas, de acordo com o edil, o hotel criaria &#8220;cerca de 300 postos de trabalho, diretos e indiretos, e um impacto de oito milh\u00f5es de euros por ano no munic\u00edpio&#8221;.<\/p>\n<p>&#8220;N\u00f3s n\u00e3o somos contra o turismo. Somos contra a implanta\u00e7\u00e3o de um edif\u00edcio de 12 andares naquele local. \u00c9 um choque para a paisagem&#8221;, sublinhou Paula Urbana Antunes, do PS.<\/p>\n","protected":false},"excerpt":{"rendered":"A revoga\u00e7\u00e3o do Plano de Pormenor do Cais do Para\u00edso, em Aveiro, foi esta sexta-feira aprovada, em reuni\u00e3o&hellip;\n","protected":false},"author":2,"featured_media":187043,"comment_status":"","ping_status":"","sticky":false,"template":"","format":"standard","meta":{"footnotes":""},"categories":[10],"tags":[27,28,20387,15,16,14,4063,25,26,21,22,12,13,19,20,37937,32,23,24,33,17,18,29,30,31],"class_list":{"0":"post-187042","1":"post","2":"type-post","3":"status-publish","4":"format-standard","5":"has-post-thumbnail","7":"category-portugal","8":"tag-breaking-news","9":"tag-breakingnews","10":"tag-concelho-aveiro","11":"tag-featured-news","12":"tag-featurednews","13":"tag-headlines","14":"tag-hotel","15":"tag-latest-news","16":"tag-latestnews","17":"tag-main-news","18":"tag-mainnews","19":"tag-news","20":"tag-noticias","21":"tag-noticias-principais","22":"tag-noticiasprincipais","23":"tag-plano-cais-do-paraiso","24":"tag-portugal","25":"tag-principais-noticias","26":"tag-principaisnoticias","27":"tag-pt","28":"tag-top-stories","29":"tag-topstories","30":"tag-ultimas","31":"tag-ultimas-noticias","32":"tag-ultimasnoticias"},"share_on_mastodon":{"url":"https:\/\/pubeurope.com\/@pt\/115714354246089898","error":""},"_links":{"self":[{"href":"https:\/\/www.europesays.com\/pt\/wp-json\/wp\/v2\/posts\/187042","targetHints":{"allow":["GET"]}}],"collection":[{"href":"https:\/\/www.europesays.com\/pt\/wp-json\/wp\/v2\/posts"}],"about":[{"href":"https:\/\/www.europesays.com\/pt\/wp-json\/wp\/v2\/types\/post"}],"author":[{"embeddable":true,"href":"https:\/\/www.europesays.com\/pt\/wp-json\/wp\/v2\/users\/2"}],"replies":[{"embeddable":true,"href":"https:\/\/www.europesays.com\/pt\/wp-json\/wp\/v2\/comments?post=187042"}],"version-history":[{"count":0,"href":"https:\/\/www.europesays.com\/pt\/wp-json\/wp\/v2\/posts\/187042\/revisions"}],"wp:featuredmedia":[{"embeddable":true,"href":"https:\/\/www.europesays.com\/pt\/wp-json\/wp\/v2\/media\/187043"}],"wp:attachment":[{"href":"https:\/\/www.europesays.com\/pt\/wp-json\/wp\/v2\/media?parent=187042"}],"wp:term":[{"taxonomy":"category","embeddable":true,"href":"https:\/\/www.europesays.com\/pt\/wp-json\/wp\/v2\/categories?post=187042"},{"taxonomy":"post_tag","embeddable":true,"href":"https:\/\/www.europesays.com\/pt\/wp-json\/wp\/v2\/tags?post=187042"}],"curies":[{"name":"wp","href":"https:\/\/api.w.org\/{rel}","templated":true}]}}