{"id":187061,"date":"2025-12-13T21:38:09","date_gmt":"2025-12-13T21:38:09","guid":{"rendered":"https:\/\/www.europesays.com\/pt\/187061\/"},"modified":"2025-12-13T21:38:09","modified_gmt":"2025-12-13T21:38:09","slug":"dick-van-dyke-celebra-100-anos-observador","status":"publish","type":"post","link":"https:\/\/www.europesays.com\/pt\/187061\/","title":{"rendered":"Dick Van Dyke celebra 100 anos \u2013 Observador"},"content":{"rendered":"<p>Este s\u00e1bado, 13 de dezembro, o ator Dick Van Dyke celebra 100 anos e torna-se no centen\u00e1rio mais famoso de Hollywood. Considerado uma lenda da com\u00e9dia, estatuto que conquistou com o Dick Van Dyke Show no in\u00edcio dos anos 1960 e que alimentou ao longo de uma carreira de sete d\u00e9cadas, destacou-se em programas de televis\u00e3o como Diagnosis: Murder\u00a0e filmes como os musicais Mary Poppins (ao lado de Julie Andrews), Bye Bye Birdie e Chitty Chitty Bang Bang. Van Dyke venceu quatro vezes um pr\u00e9mio Emmy e tem ainda um Tony e um Grammy. Comemorou o centen\u00e1rio com 17 dias de festa em Malibu, onde vive com a mulher, Arlene Silver, de 54 anos. No m\u00eas passado, lan\u00e7ou um guia sobre como viver at\u00e9 os 100 anos.<\/p>\n<p>\u201cSinto-me muito bem para os 100\u201d<a href=\"https:\/\/people.com\/dick-van-dyke-100-rules-for-living-to-100-cover-exclusive-11855632\" target=\"_blank\" rel=\"noopener nofollow\">, garantiu o ator, numa entrevista dada \u00e0 revista People em novembro.<\/a> \u201cH\u00e1 dias em que tenho mais energia do que outros. Mas nunca acordo de mau humor\u201d, garante. Em 100 Rules for Living to 100, \u201ccada regra tem como base uma hist\u00f3ria da minha vida, que acredito que ficou marcada na minha mem\u00f3ria por uma boa raz\u00e3o, porque teve algum significado emocional maior para mim\u201d. <a href=\"https:\/\/abcnews.go.com\/GMA\/Culture\/dick-van-dyke-prepares-turn-100-im-lucky\/story?id=128322788\" target=\"_blank\" rel=\"noopener nofollow\">J\u00e1 numa conversa com a ABC News para celebrar o centen\u00e1rio, Van Dyke diz que<\/a> n\u00e3o conhece nenhuma pessoa com 100 anos, mas que pode falar por si. \u201cInterpretei muitas vezes homens velhos. E sempre os interpretei como enervados e rabugentos. N\u00e3o corresponde \u00e0 verdade\u201d, diz. \u201cSou muito sortudo, n\u00e3o tenho qualquer dor\u201d, afirma, revelando que vai tr\u00eas vezes por semana ao gin\u00e1sio. \u201cAcho que me salvou\u00a0das dores. \u00c9 um bom conselho para qualquer pessoa\u201d.<\/p>\n<p>                    <img src=\"https:\/\/www.europesays.com\/pt\/wp-content\/uploads\/2025\/12\/dickvandyke-final-copy-1.jpg\" alt=\"\" loading=\"lazy\" decoding=\"async\" width=\"1280\" height=\"1933\" class=\"news-photo\" onload=\"this.parentElement.classList.remove('spinner')\" onerror=\"this.parentElement.classList.remove('spinner')\"\/>                <\/p>\n<p>Para celebrar a vida de Dick Van Dyke, a Malibu Film Society promoveu eventos e celebra\u00e7\u00f5es por 17 dias, incluindo um festival de comida de rua e um concurso de disfarces, culminando na estreia de um document\u00e1rio sobre o ator, com imagens de bastidores, cenas nunca antes vistas e v\u00eddeos cl\u00e1ssicos de trabalhos de Van Dyke.<\/p>\n<p><a href=\"https:\/\/elpais.com\/gente\/2025-12-13\/y-el-deshollinador-de-mary-poppins-se-hizo-centenario-dick-van-dyke-cumple-100-anos-en-plena-forma-y-con-sus-propios-trucos.html\" target=\"_blank\" rel=\"noopener nofollow\">Ao El Pa\u00eds, o presidente da institui\u00e7\u00e3o, Scott Tallal, <\/a>garantiu que na Malibu Film Society se sentiram \u201chonrados\u201d\u00a0 por \u201cajudar a organizar esta maravilhosa celebra\u00e7\u00e3o\u201d: \u201cAo longo de d\u00e9cadas, Dick Van Dyke trouxe-nos tanta felicidade que \u00e9 fant\u00e1stico ter a oportunidade de lhe devolver algo\u201d, afirma o presidente da sociedade de cinema de Malibu, onde o ator tem casa. \u201cDick poderia ter aceitado convites para ser homenageado em eventos de televis\u00e3o a n\u00edvel nacional em Nova Iorque e Hollywood. Mas recusou todos porque queria que as celebra\u00e7\u00f5es fossem aqui em Malibu, concretamente porque quer ajudar a comunidade e os neg\u00f3cios locais a recuperar dos inc\u00eandios\u201d; disse,<a href=\"https:\/\/observador.pt\/2025\/01\/09\/incendios-em-los-angeles-ameacam-letreiro-nas-colinas-de-hollywood-pelo-menos-cinco-fogos-descontrolados\/\" target=\"_blank\" rel=\"noopener nofollow\"> referindo-se aos fogos que afetaram a regi\u00e3o no in\u00edcio do ano<\/a>. \u201cIsso diz muito sobre quem \u00e9 Dick Van Dyke como pessoa\u201d.<\/p>\n<p>Dick Van Dyke ganhou tr\u00eas Emmy\u2019s como ator de com\u00e9dia pelo Dick Van Dyke Show entre 1964 e 1966, al\u00e9m de receber o mesmo pr\u00e9mio em 1977 por Van Dyke and Company. O ator tamb\u00e9m recebeu um Tony Award em 1961 como melhor ator em musical por Bye Bye Birdie, e o Grammy de melhor grava\u00e7\u00e3o para crian\u00e7as pela atua\u00e7\u00e3o em Mary Poppins, em 1965. Recentemente, em 2023,<a href=\"https:\/\/observador.pt\/2023\/04\/21\/dick-van-dyke-estreia-se-nas-telenovelas-aos-97-anos-vai-ter-um-papel-em-days-of-our-lives\/\" target=\"_blank\" rel=\"noopener nofollow\"> o ator apareceu em quatro epis\u00f3dios da novela <\/a>Days of Our Lives, tornando-se no mais velho vencedor de um Daytime Emmy pelo papel. J\u00e1 em 2024 Dick protagonizou um videoclipe dos Coldplay, da m\u00fasica All My Love, sendo o seu mais recente trabalho em v\u00eddeo.<\/p>\n","protected":false},"excerpt":{"rendered":"Este s\u00e1bado, 13 de dezembro, o ator Dick Van Dyke celebra 100 anos e torna-se no centen\u00e1rio mais&hellip;\n","protected":false},"author":2,"featured_media":187062,"comment_status":"","ping_status":"","sticky":false,"template":"","format":"standard","meta":{"footnotes":""},"categories":[145],"tags":[211,210,470,315,114,115,2595,186,32,33],"class_list":{"0":"post-187061","1":"post","2":"type-post","3":"status-publish","4":"format-standard","5":"has-post-thumbnail","7":"category-celebridades","8":"tag-celebridades","9":"tag-celebrities","10":"tag-cinema","11":"tag-cultura","12":"tag-entertainment","13":"tag-entretenimento","14":"tag-hollywood","15":"tag-lifestyle","16":"tag-portugal","17":"tag-pt"},"share_on_mastodon":{"url":"https:\/\/pubeurope.com\/@pt\/115714425332169194","error":""},"_links":{"self":[{"href":"https:\/\/www.europesays.com\/pt\/wp-json\/wp\/v2\/posts\/187061","targetHints":{"allow":["GET"]}}],"collection":[{"href":"https:\/\/www.europesays.com\/pt\/wp-json\/wp\/v2\/posts"}],"about":[{"href":"https:\/\/www.europesays.com\/pt\/wp-json\/wp\/v2\/types\/post"}],"author":[{"embeddable":true,"href":"https:\/\/www.europesays.com\/pt\/wp-json\/wp\/v2\/users\/2"}],"replies":[{"embeddable":true,"href":"https:\/\/www.europesays.com\/pt\/wp-json\/wp\/v2\/comments?post=187061"}],"version-history":[{"count":0,"href":"https:\/\/www.europesays.com\/pt\/wp-json\/wp\/v2\/posts\/187061\/revisions"}],"wp:featuredmedia":[{"embeddable":true,"href":"https:\/\/www.europesays.com\/pt\/wp-json\/wp\/v2\/media\/187062"}],"wp:attachment":[{"href":"https:\/\/www.europesays.com\/pt\/wp-json\/wp\/v2\/media?parent=187061"}],"wp:term":[{"taxonomy":"category","embeddable":true,"href":"https:\/\/www.europesays.com\/pt\/wp-json\/wp\/v2\/categories?post=187061"},{"taxonomy":"post_tag","embeddable":true,"href":"https:\/\/www.europesays.com\/pt\/wp-json\/wp\/v2\/tags?post=187061"}],"curies":[{"name":"wp","href":"https:\/\/api.w.org\/{rel}","templated":true}]}}