{"id":187080,"date":"2025-12-13T22:00:15","date_gmt":"2025-12-13T22:00:15","guid":{"rendered":"https:\/\/www.europesays.com\/pt\/187080\/"},"modified":"2025-12-13T22:00:15","modified_gmt":"2025-12-13T22:00:15","slug":"prefeitura-com-voce-encerra-2025-com-servicos-na-regiao-norte","status":"publish","type":"post","link":"https:\/\/www.europesays.com\/pt\/187080\/","title":{"rendered":"Prefeitura com Voc\u00ea encerra 2025 com servi\u00e7os na regi\u00e3o norte"},"content":{"rendered":"<p>&#13;<br \/>\n                        <b>Julia Helena Marcelo Martinho<\/b><br \/>&#13;<br \/>\n                Governan\u00e7a&#13;\n            <\/p>\n<p dir=\"ltr\">Mesmo com chuva no in\u00edcio da manh\u00e3, este s\u00e1bado (13) foi marcado por muita presta\u00e7\u00e3o de servi\u00e7os na 6\u00aa e \u00faltima edi\u00e7\u00e3o do ano do Prefeitura com Voc\u00ea, realizada na Emefi Mariana Teixeira Corn\u00e9lio, no Jardim Telespark.\u00a0Das 9h \u00e0s 13h, moradores da regi\u00e3o norte puderam acessar diversos servi\u00e7os p\u00fablicos gratuitos, reunidos em um s\u00f3 local.<\/p>\n<p dir=\"ltr\">Al\u00e9m dos atendimentos da Prefeitura, o evento contou com a participa\u00e7\u00e3o da Loja Solid\u00e1ria do Fundo Social, que esteve \u00e0 disposi\u00e7\u00e3o da comunidade durante toda a a\u00e7\u00e3o.<\/p>\n<p dir=\"ltr\">Valdirene e sua m\u00e3e, Lurdes, conheceram o projeto pela primeira vez e se encantaram.<\/p>\n<p dir=\"ltr\">\u00a0\u201cA ideia \u00e9 \u00f3tima. Eu n\u00e3o conhecia este trabalho. Peguei muita coisa boa e encontrei tudo o que precisava\u201d, disse Valdirene.<\/p>\n<p dir=\"ltr\"><img loading=\"lazy\" decoding=\"async\" src=\"https:\/\/www.europesays.com\/pt\/wp-content\/uploads\/2025\/12\/img_3711_claudio_vieira.jpg\" alt=\"Valdirene e sua m\u00e3e, Dona Lurdes, sa\u00edram felizes da Loja Solid\u00e1ria\" width=\"500\" height=\"334\"\/><\/p>\n<p dir=\"ltr\">Valdirene e a m\u00e3e Lurdes sa\u00edram felizes da Loja Solid\u00e1ria | Foto: Cl\u00e1udio Vieira\/PMSJC<\/p>\n<p dir=\"ltr\">Vacina\u00e7\u00e3o\u00a0<\/p>\n<p dir=\"ltr\">Outro destaque foi a vacina\u00e7\u00e3o e a microchipagem de animais de estima\u00e7\u00e3o.<\/p>\n<p dir=\"ltr\">Os servi\u00e7os gratuitos tamb\u00e9m s\u00e3o oferecidos de segunda a sexta-feira, das 9h \u00e0s 16h, no CCZ (Centro de Controle de Zoonoses) de S\u00e3o Jos\u00e9 dos Campos.<\/p>\n<p dir=\"ltr\">Pelo segundo ano consecutivo, Rebert Maicon levou o cachorro Tot\u00f3 para vacinar no evento e, desta vez, aproveitou para realizar a microchipagem.<\/p>\n<p dir=\"ltr\">&#8220;\u00c9 muito bom e pr\u00e1tico. Moro aqui perto e todo ano eu venho. Tem que ter sempre mais eventos como esse\u201d.<\/p>\n<p dir=\"ltr\"><img loading=\"lazy\" decoding=\"async\" src=\"https:\/\/www.europesays.com\/pt\/wp-content\/uploads\/2025\/12\/\u00faltima-edi\u00e7\u00e3o-prefeitura-com-voc\u00ea.jpeg\" alt=\"Rebert garante vacina\u00e7\u00e3o e microchipagem do Tot\u00f3 no evento | Foto: Cl\u00e1udio Vieira\/PMSJC\" width=\"500\" height=\"375\"\/><\/p>\n<p dir=\"ltr\">Rebert garantiu vacina\u00e7\u00e3o e microchipagem do Tot\u00f3 no evento | Foto: Cl\u00e1udio Vieira\/PMSJC<\/p>\n<p dir=\"ltr\">Acesso facilitado<\/p>\n<p dir=\"ltr\">Com a edi\u00e7\u00e3o deste s\u00e1bado, o programa Prefeitura com Voc\u00ea encerrou o ciclo de 2025, ap\u00f3s passar pelos bairros Campo dos Alem\u00e3es, Pinheirinho dos Palmares, Jardim Jussara, Jardim S\u00e3o Jos\u00e9 2 e Jardim Veneza, aproximando ainda mais os servi\u00e7os p\u00fablicos dos moradores de todas as regi\u00f5es da cidade.<\/p>\n<p dir=\"ltr\">Em 2026, o programa continuar\u00e1 levando atendimento e cidadania aos bairros, refor\u00e7ando o compromisso da Prefeitura de S\u00e3o Jos\u00e9 dos Campos de facilitar o acesso da popula\u00e7\u00e3o aos servi\u00e7os p\u00fablicos e fortalecer o v\u00ednculo com as comunidades.<\/p>\n<p>&#13;<br \/>\n                    <strong>MAIS NOT\u00cdCIAS<\/strong><br \/>&#13;<br \/>\n                    <a href=\"https:\/\/www.sjc.sp.gov.br\/noticias\/?tema=8\" rel=\"nofollow noopener\" target=\"_blank\">Governan\u00e7a<\/a>&#13;\n                <\/p>\n","protected":false},"excerpt":{"rendered":"&#13; Julia Helena Marcelo Martinho&#13; Governan\u00e7a&#13; Mesmo com chuva no in\u00edcio da manh\u00e3, este s\u00e1bado (13) foi marcado&hellip;\n","protected":false},"author":2,"featured_media":187081,"comment_status":"","ping_status":"","sticky":false,"template":"","format":"standard","meta":{"footnotes":""},"categories":[86],"tags":[1300,116,3048,32,3046,33,3049,117,3047],"class_list":{"0":"post-187080","1":"post","2":"type-post","3":"status-publish","4":"format-standard","5":"has-post-thumbnail","7":"category-saude","8":"tag-cidade","9":"tag-health","10":"tag-online","11":"tag-portugal","12":"tag-prefeitura","13":"tag-pt","14":"tag-so-jos-dos-campos","15":"tag-saude","16":"tag-servios"},"share_on_mastodon":{"url":"https:\/\/pubeurope.com\/@pt\/115714511804574503","error":""},"_links":{"self":[{"href":"https:\/\/www.europesays.com\/pt\/wp-json\/wp\/v2\/posts\/187080","targetHints":{"allow":["GET"]}}],"collection":[{"href":"https:\/\/www.europesays.com\/pt\/wp-json\/wp\/v2\/posts"}],"about":[{"href":"https:\/\/www.europesays.com\/pt\/wp-json\/wp\/v2\/types\/post"}],"author":[{"embeddable":true,"href":"https:\/\/www.europesays.com\/pt\/wp-json\/wp\/v2\/users\/2"}],"replies":[{"embeddable":true,"href":"https:\/\/www.europesays.com\/pt\/wp-json\/wp\/v2\/comments?post=187080"}],"version-history":[{"count":0,"href":"https:\/\/www.europesays.com\/pt\/wp-json\/wp\/v2\/posts\/187080\/revisions"}],"wp:featuredmedia":[{"embeddable":true,"href":"https:\/\/www.europesays.com\/pt\/wp-json\/wp\/v2\/media\/187081"}],"wp:attachment":[{"href":"https:\/\/www.europesays.com\/pt\/wp-json\/wp\/v2\/media?parent=187080"}],"wp:term":[{"taxonomy":"category","embeddable":true,"href":"https:\/\/www.europesays.com\/pt\/wp-json\/wp\/v2\/categories?post=187080"},{"taxonomy":"post_tag","embeddable":true,"href":"https:\/\/www.europesays.com\/pt\/wp-json\/wp\/v2\/tags?post=187080"}],"curies":[{"name":"wp","href":"https:\/\/api.w.org\/{rel}","templated":true}]}}