{"id":187089,"date":"2025-12-13T22:11:15","date_gmt":"2025-12-13T22:11:15","guid":{"rendered":"https:\/\/www.europesays.com\/pt\/187089\/"},"modified":"2025-12-13T22:11:15","modified_gmt":"2025-12-13T22:11:15","slug":"o-que-e-que-se-passa-nelson-fernandes-surge-irreconhecivel-e-solange-tavares-ja-reagiu","status":"publish","type":"post","link":"https:\/\/www.europesays.com\/pt\/187089\/","title":{"rendered":"&#8220;O que \u00e9 que se passa?&#8221;: Nelson Fernandes surge irreconhec\u00edvel&#8230; e Solange Tavares j\u00e1 reagiu!"},"content":{"rendered":"<p><a href=\"https:\/\/selfie.iol.pt\/famosos\/big-brother\/ao-lado-de-nelson-fernandes-solange-tavares-revela-hoje-partilho-algo-que-nunca-tinha-mostrado\/20251108\/690fac59d34e3caad84b10cf\" target=\"_blank\" rel=\"nofollow noopener\">Nelson Fernandes<\/a> brindou os seguidores do Instagram com o respetivo sentido de humor, ao mostrar-se irreconhec\u00edvel num v\u00eddeo, no qual surge vestido de Pai Natal em pleno gin\u00e1sio.<\/p>\n<p>&#8220;O que \u00e9 que se passa?&#8221;, questionou o verdadeiro Nelson Fernandes \u00e0 respetiva vers\u00e3o disfar\u00e7ada de Pai Natal. E, no seguimento, s\u00e3o promovidos os resultados da NF Team, que at\u00e9 garante um Pai Natal musculado.<\/p>\n<p>Na caixa de coment\u00e1rios da publica\u00e7\u00e3o, <a href=\"https:\/\/selfie.iol.pt\/famosos\/big-brother\/ao-lado-de-nelson-fernandes-solange-tavares-faz-revelacao-foram-dias-de-duvidas-de-cansaco\/20251026\/68fdff44d34ee0c2fed1aece\" target=\"_blank\" rel=\"nofollow noopener\">Solange Tavares<\/a>, namorada de Nelson Fernandes, reagiu a esta partilha inusitada. &#8220;Esse homem \u00e9 incr\u00edvel! Parab\u00e9ns! Junta-te a n\u00f3s!&#8221;, exclamou numa mensagem.<\/p>\n<p>Veja, agora, o v\u00eddeo. E n\u00e3o deixe de espreitar algumas das melhores imagens de Nelson Fernandes e Solange Neves nas galerias de fotografias que prepar\u00e1mos para si.<\/p>\n<blockquote class=\"instagram-media\" data-instgrm-captioned=\"\" data-instgrm-permalink=\"https:\/\/www.instagram.com\/reel\/DSLRardCBKK\/?utm_source=ig_embed&amp;utm_campaign=loading\" data-instgrm-version=\"14\" style=\" background:#FFF; border:0; border-radius:3px; box-shadow:0 0 1px 0 rgba(0,0,0,0.5),0 1px 10px 0 rgba(0,0,0,0.15); margin: 1px; max-width:540px; min-width:326px; padding:0; width:99.375%; width:-webkit-calc(100% - 2px); width:calc(100% - 2px);\">\n<\/blockquote>\n<p>                        <script async src=\"\/\/www.instagram.com\/embed.js\"><\/script><\/p>\n","protected":false},"excerpt":{"rendered":"Nelson Fernandes brindou os seguidores do Instagram com o respetivo sentido de humor, ao mostrar-se irreconhec\u00edvel num v\u00eddeo,&hellip;\n","protected":false},"author":2,"featured_media":187090,"comment_status":"","ping_status":"","sticky":false,"template":"","format":"standard","meta":{"footnotes":""},"categories":[142],"tags":[48,114,115,980,1015,619,6758,32,33,1014,1012,37943,151,162],"class_list":{"0":"post-187089","1":"post","2":"type-post","3":"status-publish","4":"format-standard","5":"has-post-thumbnail","7":"category-tv","8":"tag-big-brother","9":"tag-entertainment","10":"tag-entretenimento","11":"tag-famosos","12":"tag-instagram","13":"tag-nacional","14":"tag-nelson-fernandes","15":"tag-portugal","16":"tag-pt","17":"tag-reality-show","18":"tag-selfie","19":"tag-solange-neves","20":"tag-tv","21":"tag-tvi"},"share_on_mastodon":{"url":"https:\/\/pubeurope.com\/@pt\/115714554903409123","error":""},"_links":{"self":[{"href":"https:\/\/www.europesays.com\/pt\/wp-json\/wp\/v2\/posts\/187089","targetHints":{"allow":["GET"]}}],"collection":[{"href":"https:\/\/www.europesays.com\/pt\/wp-json\/wp\/v2\/posts"}],"about":[{"href":"https:\/\/www.europesays.com\/pt\/wp-json\/wp\/v2\/types\/post"}],"author":[{"embeddable":true,"href":"https:\/\/www.europesays.com\/pt\/wp-json\/wp\/v2\/users\/2"}],"replies":[{"embeddable":true,"href":"https:\/\/www.europesays.com\/pt\/wp-json\/wp\/v2\/comments?post=187089"}],"version-history":[{"count":0,"href":"https:\/\/www.europesays.com\/pt\/wp-json\/wp\/v2\/posts\/187089\/revisions"}],"wp:featuredmedia":[{"embeddable":true,"href":"https:\/\/www.europesays.com\/pt\/wp-json\/wp\/v2\/media\/187090"}],"wp:attachment":[{"href":"https:\/\/www.europesays.com\/pt\/wp-json\/wp\/v2\/media?parent=187089"}],"wp:term":[{"taxonomy":"category","embeddable":true,"href":"https:\/\/www.europesays.com\/pt\/wp-json\/wp\/v2\/categories?post=187089"},{"taxonomy":"post_tag","embeddable":true,"href":"https:\/\/www.europesays.com\/pt\/wp-json\/wp\/v2\/tags?post=187089"}],"curies":[{"name":"wp","href":"https:\/\/api.w.org\/{rel}","templated":true}]}}