{"id":18711,"date":"2025-08-06T18:27:38","date_gmt":"2025-08-06T18:27:38","guid":{"rendered":"https:\/\/www.europesays.com\/pt\/18711\/"},"modified":"2025-08-06T18:27:38","modified_gmt":"2025-08-06T18:27:38","slug":"ja-pensou-em-redescobrir-o-algarve-conteudo-comercial","status":"publish","type":"post","link":"https:\/\/www.europesays.com\/pt\/18711\/","title":{"rendered":"J\u00e1 pensou em redescobrir o Algarve? | Conte\u00fado comercial"},"content":{"rendered":"<p>Com vista privilegiada sobre a costa escarpada da Ponta da Piedade e a poucos passos das praias mais emblem\u00e1ticas da regi\u00e3o, esta nova unidade hoteleira representa uma nova forma de viver o Algarve: mais aut\u00eantica, mais serena, mais integrada no territ\u00f3rio.<\/p>\n<p>O <a href=\"https:\/\/www.editoryhotels.com\/by-the-sea-lagos\/\" rel=\"nofollow noopener\" target=\"_blank\">The Editory by The Sea Lagos<\/a> foi desenhado para quem procura mais do que uma estadia: um lugar onde a tranquilidade, a identidade local e a sofistica\u00e7\u00e3o se cruzam em harmonia.<\/p>\n<p>\u201cEste momento marca mais do que a abertura de uma nova unidade hoteleira, pois representa a materializa\u00e7\u00e3o de uma vis\u00e3o estrat\u00e9gica que une hospitalidade, identidade local e excel\u00eancia. Representa tamb\u00e9m o refor\u00e7o do nosso compromisso com a Regi\u00e3o do Algarve, cuja beleza, autenticidade e riqueza cultural merecem ser valorizadas atrav\u00e9s de uma proposta hoteleira distintiva e integrada no territ\u00f3rio\u201d, sublinha Gon\u00e7alo Bernardes, CEO do grupo The Editory Collection Hotels .<\/p>\n<p>Com 204 quartos distribu\u00eddos por nove andares, restaurante, dois bares, gin\u00e1sio, rooftop, piscinas interior e exterior, clube infantil e uma sala de reuni\u00f5es com 120m\u00b2, o hotel foi pensado para proporcionar experi\u00eancias completas a quem o visita \u2014 sejam f\u00e9rias em fam\u00edlia, escapadinhas a dois ou estadias de trabalho fora da cidade.<\/p>\n<p>        &#13;<br \/>\n            &#13;<br \/>\n            &#13;<br \/>\n                Piscina interior&#13;<br \/>\nDR            &#13;<br \/>\n&#13;<\/p>\n<p>A poucos minutos do cora\u00e7\u00e3o de Lagos e de algumas das praias mais ic\u00f3nicas do pa\u00eds \u2014 como Dona Ana &#8211; ao escolher Lagos como morada, o grupo refor\u00e7a o posicionamento num territ\u00f3rio onde a hist\u00f3ria, a cultura e a natureza se entrela\u00e7am. Com as suas ruas estreitas, fal\u00e9sias douradas e sabores vindos do mar, Lagos permanece como um dos lugares mais genu\u00ednos e cativantes do sul do pa\u00eds. Camilo ou a Ponta da Piedade \u2014 o hotel combina o melhor da vida urbana com a proximidade \u00e0 natureza. Seja para explorar grutas, percorrer trilhos costeiros ou perder-se nas ruas estreitas de cal\u00e7ada portuguesa, a envolvente convida a abrandar e contemplar.<\/p>\n<p>Com interiores que evocam os tons suaves e a textura da paisagem algarvia, o projecto alia conforto a um ambiente acolhedor e informal. O resultado \u00e9 uma atmosfera leve, onde o tempo abranda e o foco se volta para o bem-estar.<\/p>\n<p>Na mesma estrutura encontra-se o The Editory Residence Lagos, composto por 72 apartamentos tur\u00edsticos T1 a T3, com cozinha equipada, estacionamento privado e acesso aos servi\u00e7os do hotel em determinados per\u00edodos do ano. Uma solu\u00e7\u00e3o vers\u00e1til, ideal para estadias prolongadas ou para quem prefere maior autonomia sem abdicar do conforto.<\/p>\n<p>Um hotel para todos<\/p>\n<p>O <a href=\"https:\/\/www.editoryhotels.com\/by-the-sea-lagos\/\" rel=\"nofollow noopener\" target=\"_blank\">The Editory by The Sea Lagos<\/a> \u00e9 o local ideal para casais, fam\u00edlias, n\u00f3madas digitais ou amantes do Algarve, este espa\u00e7o oferece n\u00e3o apenas estadia, mas um verdadeiro ref\u00fagio onde \u00e9 poss\u00edvel parar, respirar e reconectar \u2014 consigo e com o que o rodeia.<\/p>\n<p>Este \u00e9 um hotel para fam\u00edlia, mas tamb\u00e9m para momentos de descontrac\u00e7\u00e3o, com piscina interior aquecida e piscina exterior, que o convidam a aproveitar momentos de descanso no jardim, enquanto os mais pequenos se divertem no parque infantil, na sala de jogos ou desfrutam das actividades tem\u00e1ticas do clube infantil.<\/p>\n<p>Mas o The Editory by The Sea Lagos n\u00e3o se destaca s\u00f3 pelos espa\u00e7os de lazer, nos quartos os h\u00f3spedes t\u00eam \u00e0 sua disposi\u00e7\u00e3o m\u00e1quina de caf\u00e9, selec\u00e7\u00e3o de ch\u00e1s, mini bar, toalha de piscina, ar-condicionado, entre outros detalhes pensados para quem valoriza cada momento da estadia.<\/p>\n<p>Viagem gastron\u00f3mica pela regi\u00e3o<\/p>\n<p>O hotel convida-o ainda a embarcar numa experi\u00eancia gastron\u00f3mica, seja no restaurante Coral, no descontra\u00eddo Crab\u2019Ar ou no sofisticado Oyster Bar.<\/p>\n<p>O restaurante Coral, um espa\u00e7o para cerca de 200 pessoas, prop\u00f5e uma carta inspirada nos sabores aut\u00eanticos do Algarve, com especial foco nos produtos frescos. Diariamente, os h\u00f3spedes t\u00eam \u00e0 disposi\u00e7\u00e3o um buffet que privilegia os produtos frescos e regionais, reinterpretados com criatividade e que tem como estrela principal o peixe grelhado.<\/p>\n<p>Mas as op\u00e7\u00f5es n\u00e3o ficam por aqui, a unidade tem ainda o Crab\u2019Ar (na zona da piscina) e o Oyster Bar que disponibilizam refei\u00e7\u00f5es leves e cocktails durante todo o dia, num ambiente informal e soalheiro.<\/p>\n<p>Dar espa\u00e7o \u00e0 arte<\/p>\n<p>Neste hotel a arte n\u00e3o fica de fora, The Editory by The Sea Lagos faz uma homenagem \u00e0 tape\u00e7aria do Algarve e aos corais da regi\u00e3o, em vias de extin\u00e7\u00e3o, com uma instala\u00e7\u00e3o art\u00edstica intitulada Balance.<\/p>\n<p>A exposi\u00e7\u00e3o \u00e9 da autoria de Vanessa Barrag\u00e3o, uma artista t\u00eaxtil que tem como inspira\u00e7\u00e3o a natureza e o oceano, promovendo o compromisso com a ecologia e com a sustentabilidade atrav\u00e9s da utiliza\u00e7\u00e3o de desperd\u00edcios da ind\u00fastria t\u00eaxtil nacional.<\/p>\n<p>Com Balance, a artista expressa o equil\u00edbrio que o mar transmite na observa\u00e7\u00e3o, em tons de branco e azul que se traduzem em paz e tranquilidade, em simult\u00e2neo, as linhas e as formas org\u00e2nicas remetem para as contentes do mar e para o vento, estabelecendo uma conex\u00e3o entre os movimentos da natureza e da mente.<\/p>\n<p>                &#13;<br \/>\n                    &#13;<br \/>\n                    &#13;<br \/>\n                        Pe\u00e7a da exposi\u00e7\u00e3o de Vanessa Barrag\u00e3o&#13;<br \/>\nDR                    &#13;<\/p>\n<p>A exposi\u00e7\u00e3o pode ser vista na zona da recep\u00e7\u00e3o do hotel.<\/p>\n<p>Turismo consciente e sustent\u00e1vel<\/p>\n<p>Este novo empreendimento n\u00e3o se limita \u00e0 est\u00e9tica. Com uma pol\u00edtica activa de gest\u00e3o eficiente de recursos e valoriza\u00e7\u00e3o dos produtos locais, o The Editory by The Sea Lagos posiciona-se como um hotel sustent\u00e1vel e atento \u00e0 preserva\u00e7\u00e3o ambiental, promovendo um turismo mais consciente.<\/p>\n<p>Fa\u00e7a a sua reserva em <a href=\"https:\/\/www.publico.pt\/2025\/08\/05\/estudiop\/noticia\/mailto:reservas.bythesealagos@editoryhotels.pt\" rel=\"nofollow noopener\" target=\"_blank\">reservas.bythesealagos@editoryhotels.pt<\/a><\/p>\n","protected":false},"excerpt":{"rendered":"Com vista privilegiada sobre a costa escarpada da Ponta da Piedade e a poucos passos das praias mais&hellip;\n","protected":false},"author":2,"featured_media":18712,"comment_status":"","ping_status":"","sticky":false,"template":"","format":"standard","meta":{"footnotes":""},"categories":[10],"tags":[27,28,4797,15,16,14,25,26,21,22,12,13,19,20,32,23,24,33,17,18,29,30,31],"class_list":{"0":"post-18711","1":"post","2":"type-post","3":"status-publish","4":"format-standard","5":"has-post-thumbnail","7":"category-portugal","8":"tag-breaking-news","9":"tag-breakingnews","10":"tag-estudio-p","11":"tag-featured-news","12":"tag-featurednews","13":"tag-headlines","14":"tag-latest-news","15":"tag-latestnews","16":"tag-main-news","17":"tag-mainnews","18":"tag-news","19":"tag-noticias","20":"tag-noticias-principais","21":"tag-noticiasprincipais","22":"tag-portugal","23":"tag-principais-noticias","24":"tag-principaisnoticias","25":"tag-pt","26":"tag-top-stories","27":"tag-topstories","28":"tag-ultimas","29":"tag-ultimas-noticias","30":"tag-ultimasnoticias"},"share_on_mastodon":{"url":"","error":""},"_links":{"self":[{"href":"https:\/\/www.europesays.com\/pt\/wp-json\/wp\/v2\/posts\/18711","targetHints":{"allow":["GET"]}}],"collection":[{"href":"https:\/\/www.europesays.com\/pt\/wp-json\/wp\/v2\/posts"}],"about":[{"href":"https:\/\/www.europesays.com\/pt\/wp-json\/wp\/v2\/types\/post"}],"author":[{"embeddable":true,"href":"https:\/\/www.europesays.com\/pt\/wp-json\/wp\/v2\/users\/2"}],"replies":[{"embeddable":true,"href":"https:\/\/www.europesays.com\/pt\/wp-json\/wp\/v2\/comments?post=18711"}],"version-history":[{"count":0,"href":"https:\/\/www.europesays.com\/pt\/wp-json\/wp\/v2\/posts\/18711\/revisions"}],"wp:featuredmedia":[{"embeddable":true,"href":"https:\/\/www.europesays.com\/pt\/wp-json\/wp\/v2\/media\/18712"}],"wp:attachment":[{"href":"https:\/\/www.europesays.com\/pt\/wp-json\/wp\/v2\/media?parent=18711"}],"wp:term":[{"taxonomy":"category","embeddable":true,"href":"https:\/\/www.europesays.com\/pt\/wp-json\/wp\/v2\/categories?post=18711"},{"taxonomy":"post_tag","embeddable":true,"href":"https:\/\/www.europesays.com\/pt\/wp-json\/wp\/v2\/tags?post=18711"}],"curies":[{"name":"wp","href":"https:\/\/api.w.org\/{rel}","templated":true}]}}