{"id":187114,"date":"2025-12-13T22:40:08","date_gmt":"2025-12-13T22:40:08","guid":{"rendered":"https:\/\/www.europesays.com\/pt\/187114\/"},"modified":"2025-12-13T22:40:08","modified_gmt":"2025-12-13T22:40:08","slug":"leao-xiv-o-presepio-uma-luz-para-o-mundo-que-precisa-de-esperanca","status":"publish","type":"post","link":"https:\/\/www.europesays.com\/pt\/187114\/","title":{"rendered":"Le\u00e3o XIV: o pres\u00e9pio, uma luz para o mundo que precisa de esperan\u00e7a"},"content":{"rendered":"<p>O Papa recebeu em audi\u00eancia no Vaticano cerca de mil participantes do Pres\u00e9pio Vivo que neste s\u00e1bado, 13 de dezembro, desfilam em cortejo pelas ruas de Roma at\u00e9 a Bas\u00edlica de Santa Maria Maior: sejam portadores de consolo e de inspira\u00e7\u00e3o para todos.<\/p>\n<p>\n   Ou\u00e7a a reportagem com a voz do Papa e compartilhe\n  <\/p>\n<p><b>Daniele Piccini \u2013 Vatican News<\/b><\/p>\n<p>O pres\u00e9pio \u00e9 \u201co costume de representar de diversas maneiras o Nascimento do Senhor\u201d, uma representa\u00e7\u00e3o \u201cmuitas vezes com tra\u00e7os da pr\u00f3pria cultura e paisagens da pr\u00f3pria terra\u201d do \u201cMist\u00e9rio da Encarna\u00e7\u00e3o\u201d. Isso o torna \u201cum sinal importante: nos lembra que fazemos parte de uma maravilhosa aventura de Salva\u00e7\u00e3o na qual nunca estamos sozinhos\u201d.<\/p>\n<p>Divulguem esta mensagem e mantenham viva esta tradi\u00e7\u00e3o. S\u00e3o um dom de luz para o nosso mundo, que tanto precisa poder continuar a ter esperan\u00e7a.<\/p>\n<p>Com esses votos, o Papa Le\u00e3o XIV acompanhou sua sauda\u00e7\u00e3o aos cerca de mil participantes do Pres\u00e9pio Vivo de Santa Maria Maior e aos presepistas que foram recebidos neste s\u00e1bado, 13 de dezembro, na Sala das B\u00ean\u00e7\u00e3os.<\/p>\n<p>    <img decoding=\"async\" src=\"data:image\/gif;base64,R0lGODlhAQABAIAAAAAAAP\/\/\/yH5BAEAAAAALAAAAAABAAEAAAIBRAA7\" data-original=\"https:\/\/www.vaticannews.va\/content\/dam\/vaticannews\/agenzie\/images\/srv\/2025\/12\/13\/2025-12-13-figuranti-del-prersepio-vivente-della-basilica-di-san\/1765616227598.JPG\/_jcr_content\/renditions\/cq5dam.thumbnail.cropped.750.422.jpeg\" alt=\"Os representantes de Jos\u00e9, Maria e o Menino Jesus\" title=\"Os representantes de Jos\u00e9, Maria e o Menino Jesus\"\/><\/p>\n<p>\n   Os representantes de Jos\u00e9, Maria e o Menino Jesus \u00a0 (@Vatican Media)\n  <\/p>\n<p>Peregrina\u00e7\u00e3o ao ber\u00e7o do Salvador <\/p>\n<p>Os participantes da encena\u00e7\u00e3o viva do nascimento de Jesus, como destaca o Pont\u00edfice em seu discurso de sauda\u00e7\u00e3o, celebram hoje seu Jubileu. Passam pela Porta Santa da Bas\u00edlica de Santa Maria Maior e prestam homenagem ao t\u00famulo do Papa Francisco. Em seguida, participam da missa presidida pelo cardeal Rolandas Makrickas, arcipreste da Bas\u00edlica mariana, a \u201cBel\u00e9m do Ocidente\u201d. \u00c0 tarde, far\u00e3o um desfile do Pres\u00e9pio Vivo, partindo da Igreja do Perp\u00e9tuo Socorro de Roma, at\u00e9 a Bas\u00edlica de Santa Maria Maior, e ir\u00e3o venerar a rel\u00edquia do \u201cBer\u00e7o Sagrado\u201d, a manjedoura, onde, segundo a tradi\u00e7\u00e3o, foi colocado o Menino Jesus rec\u00e9m-nascido. \u201cFoi precisamente essa antiga rel\u00edquia que, juntamente com a viagem \u00e0 Terra Santa, inspirou S\u00e3o Francisco, em 1223, a celebrar pela primeira vez o \u2018Natal de Greccio\u2019, dando in\u00edcio \u00e0 tradi\u00e7\u00e3o do pres\u00e9pio\u201d, recordou Le\u00e3o XIV.<\/p>\n<p>    <img decoding=\"async\" src=\"data:image\/gif;base64,R0lGODlhAQABAIAAAAAAAP\/\/\/yH5BAEAAAAALAAAAAABAAEAAAIBRAA7\" data-original=\"https:\/\/www.vaticannews.va\/content\/dam\/vaticannews\/agenzie\/images\/srv\/2025\/12\/13\/2025-12-13-figuranti-del-prersepio-vivente-della-basilica-di-san\/1765616237599.JPG\/_jcr_content\/renditions\/cq5dam.thumbnail.cropped.750.422.jpeg\" alt=\"Papa Le\u00e3o XIV ao saudar um centuri\u00e3o romano, figurante do Pres\u00e9pio Vivo de Santa Maria Maior\" title=\"Papa Le\u00e3o XIV ao saudar um centuri\u00e3o romano, figurante do Pres\u00e9pio Vivo de Santa Maria Maior\"\/><\/p>\n<p>\n   Papa Le\u00e3o XIV ao saudar um centuri\u00e3o romano, figurante do Pres\u00e9pio Vivo de Santa Maria Maior \u00a0 (@Vatican Media)\n  <\/p>\n<p>Uma vinda \u201cdesarmada e desarmante\u201d <\/p>\n<p>A Natividade do Salvador \u00e9 uma mensagem em si mesma, j\u00e1 pela forma como acontece. Deus, explica o Papa citando <a href=\"https:\/\/www.vatican.va\/content\/benedict-xvi\/pt\/audiences\/2009\/documents\/hf_ben-xvi_aud_20091223.html\" rel=\"external nofollow noopener\" target=\"_blank\">uma catequese de Bento XVI<\/a> de dezembro de 2009, \u201cvem sem armas, sem a for\u00e7a, para vencer a soberba, a viol\u00eancia, a cobi\u00e7a do homem, e nos guiar \u00e0 nossa verdadeira identidade\u201d. Contemplar o pres\u00e9pio \u00e9, portanto, uma forma de convers\u00e3o, pois entramos em uma experi\u00eancia aut\u00eantica de conhecimento de Cristo e de seus caminhos: \u201cEnquanto contemplamos a cena do Natal, somos convidados a nos colocar espiritualmente em caminho, atra\u00eddos pela humildade d\u2019Aquele que se fez homem para encontrar cada homem\u201d, acrescenta Le\u00e3o XIV, citando a Carta Apost\u00f3lica <a href=\"https:\/\/www.vatican.va\/content\/francesco\/pt\/apost_letters\/documents\/papa-francesco-lettera-ap_20191201_admirabile-signum.html\" rel=\"external nofollow noopener\" target=\"_blank\">Admirabile signum<\/a><a href=\"https:\/\/www.vatican.va\/content\/francesco\/pt\/apost_letters\/documents\/papa-francesco-lettera-ap_20191201_admirabile-signum.html\" rel=\"external nofollow noopener\" target=\"_blank\"> <\/a>do Papa Francisco.<\/p>\n<p>\u00c9 exatamente assim: da gruta de Bel\u00e9m, onde Maria, Jos\u00e9 e o Menino est\u00e3o em sua pobreza desarmante, partimos para come\u00e7ar uma nova vida seguindo os passos de Cristo. Voc\u00eas testemunhar\u00e3o isso \u00e0 tarde, com o cortejo que percorrer\u00e1 as ruas da cidade.<\/p>\n<p>Quem participa da representa\u00e7\u00e3o de um pres\u00e9pio vivo \u00e9, portanto, um portador de luz.<\/p>\n<p>O desfile, com suas coreografias, trajes e m\u00fasicas, ser\u00e1 um sinal alegre de como \u00e9 belo ser disc\u00edpulo de Jesus, o Deus feito homem, sol que nasce \u201cpara iluminar os que jazem nas trevas e na sombra da morte, e guiar nossos passos pelo caminho da paz\u201d (Lc 1,79).<\/p>\n<p>    <img decoding=\"async\" src=\"data:image\/gif;base64,R0lGODlhAQABAIAAAAAAAP\/\/\/yH5BAEAAAAALAAAAAABAAEAAAIBRAA7\" data-original=\"https:\/\/www.vaticannews.va\/content\/dam\/vaticannews\/agenzie\/images\/srv\/2025\/12\/13\/2025-12-13-figuranti-del-prersepio-vivente-della-basilica-di-san\/1765616228991.JPG\/_jcr_content\/renditions\/cq5dam.thumbnail.cropped.750.422.jpeg\" alt=\"Outra parte dos figurantes do Pres\u00e9pio Vivo\" title=\"Outra parte dos figurantes do Pres\u00e9pio Vivo\"\/><\/p>\n<p>\n   Outra parte dos figurantes do Pres\u00e9pio Vivo \u00a0 (@Vatican Media)\n  <\/p>\n<p>Consolar e inspirar <\/p>\n<p>Da\u00ed a miss\u00e3o que o Papa confia aos figurantes e presepistas, que n\u00e3o se esgota na dura\u00e7\u00e3o de um desfile natalino, mas deve se realizar no cotidiano e dar frutos.<\/p>\n<p>Isso faz de voc\u00eas peregrinos de esperan\u00e7a, portadores de consolo e inspira\u00e7\u00e3o para todos aqueles que encontram: para os pequenos e os grandes, para as fam\u00edlias, os jovens e os idosos que encontrar\u00e3o em seu caminho; para aqueles que se alegram e para aqueles que sofrem, para aqueles que est\u00e3o sozinhos, para aqueles que sentem vivo no cora\u00e7\u00e3o o desejo de amar e ser amados e para aqueles que, mesmo com dificuldade, continuam a trabalhar com empenho e perseveran\u00e7a na constru\u00e7\u00e3o de um mundo melhor.<\/p>\n<p>Depois de agradecer aos figurantes e aos presepistas \u201cpelo seu empenho\u201d, o Papa aben\u00e7oou-os, desejando-lhes \u201cFeliz Natal\u201d.<\/p>\n","protected":false},"excerpt":{"rendered":"O Papa recebeu em audi\u00eancia no Vaticano cerca de mil participantes do Pres\u00e9pio Vivo que neste s\u00e1bado, 13&hellip;\n","protected":false},"author":2,"featured_media":187115,"comment_status":"","ping_status":"","sticky":false,"template":"","format":"standard","meta":{"footnotes":""},"categories":[8],"tags":[27,28,15,16,14,25,26,21,22,7561,12,13,19,20,811,32,23,24,33,2864,17,18,29,30,31],"class_list":{"0":"post-187114","1":"post","2":"type-post","3":"status-publish","4":"format-standard","5":"has-post-thumbnail","7":"category-principais-noticias","8":"tag-breaking-news","9":"tag-breakingnews","10":"tag-featured-news","11":"tag-featurednews","12":"tag-headlines","13":"tag-latest-news","14":"tag-latestnews","15":"tag-main-news","16":"tag-mainnews","17":"tag-natal","18":"tag-news","19":"tag-noticias","20":"tag-noticias-principais","21":"tag-noticiasprincipais","22":"tag-papa-leao-xiv","23":"tag-portugal","24":"tag-principais-noticias","25":"tag-principaisnoticias","26":"tag-pt","27":"tag-roma","28":"tag-top-stories","29":"tag-topstories","30":"tag-ultimas","31":"tag-ultimas-noticias","32":"tag-ultimasnoticias"},"share_on_mastodon":{"url":"https:\/\/pubeurope.com\/@pt\/115714668960855203","error":""},"_links":{"self":[{"href":"https:\/\/www.europesays.com\/pt\/wp-json\/wp\/v2\/posts\/187114","targetHints":{"allow":["GET"]}}],"collection":[{"href":"https:\/\/www.europesays.com\/pt\/wp-json\/wp\/v2\/posts"}],"about":[{"href":"https:\/\/www.europesays.com\/pt\/wp-json\/wp\/v2\/types\/post"}],"author":[{"embeddable":true,"href":"https:\/\/www.europesays.com\/pt\/wp-json\/wp\/v2\/users\/2"}],"replies":[{"embeddable":true,"href":"https:\/\/www.europesays.com\/pt\/wp-json\/wp\/v2\/comments?post=187114"}],"version-history":[{"count":0,"href":"https:\/\/www.europesays.com\/pt\/wp-json\/wp\/v2\/posts\/187114\/revisions"}],"wp:featuredmedia":[{"embeddable":true,"href":"https:\/\/www.europesays.com\/pt\/wp-json\/wp\/v2\/media\/187115"}],"wp:attachment":[{"href":"https:\/\/www.europesays.com\/pt\/wp-json\/wp\/v2\/media?parent=187114"}],"wp:term":[{"taxonomy":"category","embeddable":true,"href":"https:\/\/www.europesays.com\/pt\/wp-json\/wp\/v2\/categories?post=187114"},{"taxonomy":"post_tag","embeddable":true,"href":"https:\/\/www.europesays.com\/pt\/wp-json\/wp\/v2\/tags?post=187114"}],"curies":[{"name":"wp","href":"https:\/\/api.w.org\/{rel}","templated":true}]}}