{"id":187128,"date":"2025-12-13T22:53:33","date_gmt":"2025-12-13T22:53:33","guid":{"rendered":"https:\/\/www.europesays.com\/pt\/187128\/"},"modified":"2025-12-13T22:53:33","modified_gmt":"2025-12-13T22:53:33","slug":"pacote-laboral-filipe-realca-mudanca-no-discurso-do-chega-ventura-clama-posicao-coerente","status":"publish","type":"post","link":"https:\/\/www.europesays.com\/pt\/187128\/","title":{"rendered":"Pacote laboral. Filipe real\u00e7a &#8220;mudan\u00e7a&#8221; no discurso do Chega, Ventura clama posi\u00e7\u00e3o &#8220;coerente&#8221;"},"content":{"rendered":"<p>Questionado no in\u00edcio do debate sobre as suas declara\u00e7\u00f5es contradit\u00f3rias relativamente ao pacote laboral e \u00e0 greve geral, Andr\u00e9 Ventura garante que o \u201cChega se manteve firme e coerente desde o in\u00edcio\u201d.<\/p>\n<p>\u201cDissemos ao Governo que t\u00ednhamos que evitar uma greve geral\u201d, disse, afirmando que foram \u201cos primeiros a dizer que se queriam trabalhar numa lei laboral, tinham que mudar coisas fundamentais\u201d.<\/p>\n<p>\u201cPara n\u00f3s, ou o governo muda em algumas medidas, ou n\u00e3o aceitaremos esta lei laboral\u201d, asseverou.<\/p>\n<p>\u201cSe eu mandasse n\u00e3o t\u00ednhamos chegado \u00e0 greve geral. Eu tinha evitado que se chegasse a este ataque a quem trabalha\u201d, acrescentou. <\/p>\n<p>Ant\u00f3nio Filipe, por sua vez, diz que \u201co facto de ter mudado de discurso, s\u00f3 revela o grande sucesso da greve geral\u201d.<\/p>\n<p>O candidato apoiado pelo PCP diz que quando o Governo apresentar esta proposta na Assembleia, \u201co votar ser\u00e1 a prova do algod\u00e3o para se perceber de que lado est\u00e1\u201d Andr\u00e9 Ventura.<\/p>\n<p>O l\u00edder do Chega responde: \u201cSe se mantiver como est\u00e1, n\u00e3o \u00e9 preciso esperar pelo teste de algod\u00e3o. Votaremos contra\u201d.&#13;\n<\/p>\n<p>\nVentura diz que \u201cn\u00e3o devemos ter palas nos olhos\u201d e reconhece que o pacote laboral tem boas medidas, destacando o alargamento da licen\u00e7a parental para 180 dias. <\/p>\n<p>\u201cN\u00e3o podemos ter palas e querer um pa\u00eds como nos anos 70\u201d, afirmou.<br \/>&#13;<br \/>\n\u201cQuem est\u00e1 contra este sistema sou eu, n\u00e3o \u00e9 Andr\u00e9 Ventura\u201d<br \/>&#13;<br \/>\nAnt\u00f3nio Filipe acusa o Chega de mostrar disponibilidade para, \u201cse o Governo deixar cair uma coisa ou outra, poder aprovar as outras\u201d. \u201cEstou-lhe a dizer que n\u00e3o ser\u00e1 assim\u201d, garante, por sua vez, Andr\u00e9 Ventura.<br \/>&#13;\n<\/p>\n<p>          <img decoding=\"async\" itemprop=\"image\" class=\"img-fluid\"   src=\"https:\/\/www.europesays.com\/pt\/wp-content\/uploads\/2025\/12\/edd11eb2959190cb7758667dc2a789ec_N.jpg\"\/><\/p>\n<p>\n\u201cA grande diferen\u00e7a entre n\u00f3s \u00e9 esta: eu estou claramente do lado dos trabalhadores e o Andr\u00e9 Ventura est\u00e1 do lado dos grandes interesses econ\u00f3micos\u201d, continuou o candidato apoiado pelo PCP, afirmando que Andr\u00e9 Ventura apenas de apresentou como candidato a Bel\u00e9m \u201cporque Pedro Passos Coelho n\u00e3o quis\u201d. <\/p>\n<p>\u201cQuem est\u00e1 contra este sistema sou eu, n\u00e3o \u00e9 o candidato Andr\u00e9 Ventura\u201d, rematou.<br \/>&#13;<br \/>\n\u00c0s contas com o passado<br \/>&#13;<br \/>\nAndr\u00e9 Ventura acusou o advers\u00e1rio de ter compactuado com medidas negativas do Governo da \u201cGeringon\u00e7a\u201d, liderado pelo PS. O candidato apoiado pelo Chega assinalou que, na vig\u00eancia desse executivo, houve subida dos pre\u00e7os da habita\u00e7\u00e3o, falta de seguran\u00e7a, descontrolo na imigra\u00e7\u00e3o e as pens\u00f5es ficaram na \u201cmis\u00e9ria\u201d.\u00a0<\/p>\n<p>\u201cEu nunca estive no Governo, os senhores estiveram\u201d, apontou Andr\u00e9 Ventura.\u00a0<\/p>\n<p>Recusou um pa\u00eds \u201ccomunista\u201d ou de \u201cditadura\u201d e afirmou a defesa dos trabalhadores, pedindo a Ant\u00f3nio Filipe \u201cum exemplo\u201d de um pa\u00eds comunista em que os sal\u00e1rios sejam altos.\u00a0<\/p>\n<p>O candidato apoiado pelo PCP afirmou que n\u00e3o se candidata a estas elei\u00e7\u00f5es em representa\u00e7\u00e3o do partido mas garantiu assumir tudo o que fez enquanto foi deputado, recordando em concreto quando votou contra a extin\u00e7\u00e3o do SEF.\u00a0<\/p>\n<p>Sobre o legado da Geringon\u00e7a, considerou que os portugueses beneficiaram muito do afastamento de Pedro Passos Coelho do poder, recordando nomeadamente o regresso dos feriados suprimidos e o pagamento de subs\u00eddios que haviam sido suspensos, bem como a reposi\u00e7\u00e3o em sal\u00e1rios e pens\u00f5es.\u00a0<\/p>\n<p>Vincou que o PS teve \u201capoio da direita\u201d em muitas das medidas que aprovou, mas no essencial o Governo entre 2015 e 2019 conseguiu \u201creverter muitas malfeitorias\u201d.\u00a0<\/p>\n<p>Andr\u00e9 Ventura respondeu que setor privado da sa\u00fade cresceu quando PCP apoiou o Governo, perante a \u201cdestrui\u00e7\u00e3o\u201d do SNS e tamb\u00e9m o voto do PCP ao lado da Lei da Nacionalidade do Partido Socialista.\u00a0<br \/>&#13;<br \/>\nAmea\u00e7as \u00e0 democracia e ao regime<br \/>&#13;<br \/>\nOs dois candidatos lan\u00e7aram ainda avisos m\u00fatuos sobre o perigo para o regime e para a democracia que veem no respetivo advers\u00e1rio. Ant\u00f3nio Filipe assinalou as \u201cdeclara\u00e7\u00f5es antidemocr\u00e1ticas\u201d do presidente do Chega quando defende altera\u00e7\u00f5es constitucionais.\u00a0<\/p>\n<p>O ex-deputado do PCP afirmou que o Chefe de Estado tem como fun\u00e7\u00e3o \u201cfazer cumprir a Constitui\u00e7\u00e3o\u201d e que a revis\u00e3o do documento \u00e9 \u201cmat\u00e9ria exclusiva do Parlamento\u201d.\u00a0<\/p>\n<p>\u201cEst\u00e1 a propor-se a um golpe de Estado inconstitucional\u201d, especulou Ant\u00f3nio Filipe.\u00a0<\/p>\n<p>Andr\u00e9 Ventura ripostou ao considerar que \u00e9 o advers\u00e1rio quem representa uma amea\u00e7a \u00e0 democracia, por defender \u201ca sa\u00edda do euro\u201d, a \u201csa\u00edda da NATO\u201d e por ser \u201cincapaz de condenar a invas\u00e3o da Ucr\u00e2nia\u201d.<\/p>\n<p>O candidato reiterou as afirma\u00e7\u00f5es que tem proferido sobre as mudan\u00e7as constitucionais e falou, nomeadamente, da \u201ccastra\u00e7\u00e3o qu\u00edmica\u201d de ped\u00f3filos e a pris\u00e3o perp\u00e9tua para \u201cbandidos\u201d.\u00a0<\/p>\n<p>Defendeu o direito de um Presidente da Rep\u00fablica \u201cdizer que quer outra Constitui\u00e7\u00e3o, democraticamente\u201d e que s\u00e3o as posi\u00e7\u00f5es do PCP que s\u00e3o \u201cfrontalmente contr\u00e1rias aos nossos valores enquanto na\u00e7\u00e3o\u201d.\u00a0<\/p>\n<p>Acusou o advers\u00e1rio que querer \u201cuma economia no modelo alban\u00eas ou venezuelano\u201d para Portugal.\u00a0<\/p>\n<p>Em resposta, Ant\u00f3nio Filipe afirmou que Ventura \u201cn\u00e3o tem seguido os debates\u201d e que, tal como tem afirmado noutras ocasi\u00f5es, n\u00e3o defenderia enquanto Presidente da Rep\u00fablica a sa\u00edda de nenhuma organiza\u00e7\u00e3o.\u00a0<\/p>\n<p>Mostrou-se antes defensor de uma \u201cvoz pr\u00f3pria\u201d para Portugal nessas organiza\u00e7\u00f5es a assinalou que o pr\u00f3ximo Presidente da Rep\u00fablica dever\u00e1 ter \u201csentido de Estado\u201d, o que n\u00e3o se coaduna com os insultos ao presidente do Governo espanhol e ao presidente do Brasil que Andr\u00e9 Ventura j\u00e1 proferiu.\u00a0<\/p>\n<p>\u201cDeixava s\u00f3 de ser uma vergonha nacional, era uma vergonha internacional\u201d, afirmou Ant\u00f3nio Filipe, com os portugueses no estrangeiro a serem alvo de \u201cchacota\u201d.\u00a0<\/p>\n<p>Andr\u00e9 Ventura lembrou a ida de Marcelo Rebelo de Sousa a Angola por ocasi\u00e3o dos 50 anos da independ\u00eancia do pa\u00eds, considerando que o pa\u00eds foi \u201chumilhado\u201d com o discurso do presidente angolano.\u00a0<\/p>\n<p>\u201cComigo, quem disser mal de Portugal vai ter de me enfrentar, vai ter de passar por cima de mim\u201d, afian\u00e7ou.\u00a0&#13;\n<\/p>\n<p>\u201cPrefiro um bandido morto do que um pol\u00edcia morto\u201d<br \/>\nQuestionado sobre o seu plano de dar poderes extraordin\u00e1rios \u00e0s pol\u00edcias para combater o crime e se pretende tornar Portugal um estado policial, Andr\u00e9 Ventura responde que quer \u201cum Portugal com ordem e autoridade\u201d.<\/p>\n<p>\u201cPrefiro um bandido morto do que um pol\u00edcia morto\u201d, reitera Ventura, afirmando que os \u201cpol\u00edcias t\u00eam medo de agir\u201d. \u201cQuando tiverem de usar a for\u00e7a, usem sem medo. Se forem eles para ser mortos, mais vale que o bandido morra. Prefiro o bandido morto do que um pol\u00edcia morto\u201d, declarou. \u201cComigo o bairro da Jamaica n\u00e3o se vai verificar\u201d, garantiu.<\/p>\n<p>Ant\u00f3nio Filipe classificou as declara\u00e7\u00f5es do seu oponente como \u201cmuito graves\u201d, destacando que o Presidente da Rep\u00fablica \u201cn\u00e3o d\u00e1 poderes a ningu\u00e9m\u201d.<\/p>\n<p>\u201cN\u00e3o quero que os pol\u00edcias matem. Quero um pa\u00eds onde todos vivam em seguran\u00e7a\u201d, asseverou.<\/p>\n<p>O candidato apoiado pelo PCP diz que Ventura se identifica com o ditador Nayib Bukele, presidente de El Salvador. Ventura responde que sim, que \u201cEl Salvador se tornou mais seguro do que a Su\u00ed\u00e7a\u201d. <\/p>\n<p>\u201c\u00c9 preciso ter no\u00e7\u00e3o de para que \u00e9 que serve o Presidente da Rep\u00fablica. Se n\u00e3o prende ningu\u00e9m n\u00e3o serve para nada?\u201d, questiona Ant\u00f3nio Filipe. \u201cTemos de dar um sinal\u201d, atira Ventura. <\/p>\n<p>\u201cN\u00e3o h\u00e1 liberdade sem seguran\u00e7a. Como dizia Benjamin Franklin, quem quer desistir de uma n\u00e3o merece a outra\u201d, rematou Ant\u00f3nio Filipe.<\/p>\n","protected":false},"excerpt":{"rendered":"Questionado no in\u00edcio do debate sobre as suas declara\u00e7\u00f5es contradit\u00f3rias relativamente ao pacote laboral e \u00e0 greve geral,&hellip;\n","protected":false},"author":2,"featured_media":187129,"comment_status":"","ping_status":"","sticky":false,"template":"","format":"standard","meta":{"footnotes":""},"categories":[10],"tags":[3386,17462,27,28,14074,15,16,14,25,26,21,22,12,13,19,20,32,1076,23,24,33,17,18,29,30,31],"class_list":{"0":"post-187128","1":"post","2":"type-post","3":"status-publish","4":"format-standard","5":"has-post-thumbnail","7":"category-portugal","8":"tag-andre-ventura","9":"tag-antonio-filipe","10":"tag-breaking-news","11":"tag-breakingnews","12":"tag-debate","13":"tag-featured-news","14":"tag-featurednews","15":"tag-headlines","16":"tag-latest-news","17":"tag-latestnews","18":"tag-main-news","19":"tag-mainnews","20":"tag-news","21":"tag-noticias","22":"tag-noticias-principais","23":"tag-noticiasprincipais","24":"tag-portugal","25":"tag-presidenciais-2026","26":"tag-principais-noticias","27":"tag-principaisnoticias","28":"tag-pt","29":"tag-top-stories","30":"tag-topstories","31":"tag-ultimas","32":"tag-ultimas-noticias","33":"tag-ultimasnoticias"},"share_on_mastodon":{"url":"https:\/\/pubeurope.com\/@pt\/115714720189795719","error":""},"_links":{"self":[{"href":"https:\/\/www.europesays.com\/pt\/wp-json\/wp\/v2\/posts\/187128","targetHints":{"allow":["GET"]}}],"collection":[{"href":"https:\/\/www.europesays.com\/pt\/wp-json\/wp\/v2\/posts"}],"about":[{"href":"https:\/\/www.europesays.com\/pt\/wp-json\/wp\/v2\/types\/post"}],"author":[{"embeddable":true,"href":"https:\/\/www.europesays.com\/pt\/wp-json\/wp\/v2\/users\/2"}],"replies":[{"embeddable":true,"href":"https:\/\/www.europesays.com\/pt\/wp-json\/wp\/v2\/comments?post=187128"}],"version-history":[{"count":0,"href":"https:\/\/www.europesays.com\/pt\/wp-json\/wp\/v2\/posts\/187128\/revisions"}],"wp:featuredmedia":[{"embeddable":true,"href":"https:\/\/www.europesays.com\/pt\/wp-json\/wp\/v2\/media\/187129"}],"wp:attachment":[{"href":"https:\/\/www.europesays.com\/pt\/wp-json\/wp\/v2\/media?parent=187128"}],"wp:term":[{"taxonomy":"category","embeddable":true,"href":"https:\/\/www.europesays.com\/pt\/wp-json\/wp\/v2\/categories?post=187128"},{"taxonomy":"post_tag","embeddable":true,"href":"https:\/\/www.europesays.com\/pt\/wp-json\/wp\/v2\/tags?post=187128"}],"curies":[{"name":"wp","href":"https:\/\/api.w.org\/{rel}","templated":true}]}}