{"id":187138,"date":"2025-12-13T23:01:21","date_gmt":"2025-12-13T23:01:21","guid":{"rendered":"https:\/\/www.europesays.com\/pt\/187138\/"},"modified":"2025-12-13T23:01:21","modified_gmt":"2025-12-13T23:01:21","slug":"rio-ave-perde-a-paciencia-e-vai-pedir-reuniao-com-o-conselho-de-arbitragem","status":"publish","type":"post","link":"https:\/\/www.europesays.com\/pt\/187138\/","title":{"rendered":"Rio Ave perde a paci\u00eancia e vai pedir reuni\u00e3o com o Conselho de Arbitragem"},"content":{"rendered":"<p>A Dire\u00e7\u00e3o do <a target=\"_blank\" class=\"editor-link autolink-enabled\" href=\"https:\/\/www.abola.pt\/futebol\/rio-ave-442\" data-resource-id=\"442\" data-resource-type=\"team\" data-sport=\"football\" rel=\"nofollow noopener\">Rio Ave<\/a>, presidida por Alexandrina Cruz, vai solicitar uma reuni\u00e3o com o Conselho de Arbitragem (CA) da FPF, na sequ\u00eancia do jogo em casa frente ao <a target=\"_blank\" class=\"editor-link autolink-enabled\" href=\"https:\/\/www.abola.pt\/futebol\/vitoria-de-guimaraes-443\" data-resource-id=\"443\" data-resource-type=\"team\" data-sport=\"football\" rel=\"nofollow noopener\">Vit\u00f3ria de Guimar\u00e3es<\/a>, que o conjunto vila-condense perdeu por 0-1.<\/p>\n<p>O desafio ficou assinalado pela expuls\u00e3o de <a class=\"autolink-enabled\" data-resource-id=\"189029\" data-resource-type=\"player\" data-sport=\"football\" href=\"https:\/\/www.abola.pt\/futebol\/jogador\/marious-vrousai-189029\" rel=\"nofollow noopener\" target=\"_blank\">Vrousai<\/a>, aos 29 minutos, e por alguns casos que provocaram o protesto do t\u00e9cnico grego Sotiris Silaidopoulos, que acabaria tamb\u00e9m por ver cart\u00e3o vermelho aos 55 minutos. O treinador reclamou um pen\u00e1lti cometido sobre <a class=\"autolink-enabled\" data-resource-id=\"245543\" data-resource-type=\"player\" data-sport=\"football\" href=\"https:\/\/www.abola.pt\/futebol\/jogador\/andre-luiz-245543\" rel=\"nofollow noopener\" target=\"_blank\">Andr\u00e9 Luiz<\/a> e o \u00e1rbitro eborense Pedro Ramalho apontou-lhe o caminho do balne\u00e1rio.<\/p>\n<p>O golo da equipa orientada por Lu\u00eds Pinto foi apontado por <a target=\"_blank\" class=\"editor-link autolink-enabled\" href=\"https:\/\/www.abola.pt\/futebol\/jogador\/oumar-camara-4441858\" data-resource-id=\"4441858\" data-resource-type=\"player\" data-sport=\"football\" rel=\"nofollow noopener\">Oumar Camara<\/a>, aos 35 minutos.<\/p>\n<p>\u00abEu aceito erros. N\u00e3o aceito tratamento arrogante e crit\u00e9rios diferentes na forma como tratam os clubes e as pessoas. A maioria das decis\u00f5es em lances de d\u00favida foram contra n\u00f3s. H\u00e1 dois lances de poss\u00edvel pen\u00e1lti em que o \u00e1rbitro nem sequer vai ao video\u00e1rbitro. Qual \u00e9 o crit\u00e9rio para se usar o video\u00e1rbitro? Foi a primeira vez que fui expulso no campeonato. Sinto que fomos tratados de forma diferente\u00bb, declarou Sotiris Silaidopoulos, no final da partida.<\/p>\n","protected":false},"excerpt":{"rendered":"A Dire\u00e7\u00e3o do Rio Ave, presidida por Alexandrina Cruz, vai solicitar uma reuni\u00e3o com o Conselho de Arbitragem&hellip;\n","protected":false},"author":2,"featured_media":187139,"comment_status":"","ping_status":"","sticky":false,"template":"","format":"standard","meta":{"footnotes":""},"categories":[87],"tags":[135,32,33,134],"class_list":{"0":"post-187138","1":"post","2":"type-post","3":"status-publish","4":"format-standard","5":"has-post-thumbnail","7":"category-desporto","8":"tag-desporto","9":"tag-portugal","10":"tag-pt","11":"tag-sports"},"share_on_mastodon":{"url":"https:\/\/pubeurope.com\/@pt\/115714751535621928","error":""},"_links":{"self":[{"href":"https:\/\/www.europesays.com\/pt\/wp-json\/wp\/v2\/posts\/187138","targetHints":{"allow":["GET"]}}],"collection":[{"href":"https:\/\/www.europesays.com\/pt\/wp-json\/wp\/v2\/posts"}],"about":[{"href":"https:\/\/www.europesays.com\/pt\/wp-json\/wp\/v2\/types\/post"}],"author":[{"embeddable":true,"href":"https:\/\/www.europesays.com\/pt\/wp-json\/wp\/v2\/users\/2"}],"replies":[{"embeddable":true,"href":"https:\/\/www.europesays.com\/pt\/wp-json\/wp\/v2\/comments?post=187138"}],"version-history":[{"count":0,"href":"https:\/\/www.europesays.com\/pt\/wp-json\/wp\/v2\/posts\/187138\/revisions"}],"wp:featuredmedia":[{"embeddable":true,"href":"https:\/\/www.europesays.com\/pt\/wp-json\/wp\/v2\/media\/187139"}],"wp:attachment":[{"href":"https:\/\/www.europesays.com\/pt\/wp-json\/wp\/v2\/media?parent=187138"}],"wp:term":[{"taxonomy":"category","embeddable":true,"href":"https:\/\/www.europesays.com\/pt\/wp-json\/wp\/v2\/categories?post=187138"},{"taxonomy":"post_tag","embeddable":true,"href":"https:\/\/www.europesays.com\/pt\/wp-json\/wp\/v2\/tags?post=187138"}],"curies":[{"name":"wp","href":"https:\/\/api.w.org\/{rel}","templated":true}]}}