{"id":187163,"date":"2025-12-13T23:27:11","date_gmt":"2025-12-13T23:27:11","guid":{"rendered":"https:\/\/www.europesays.com\/pt\/187163\/"},"modified":"2025-12-13T23:27:11","modified_gmt":"2025-12-13T23:27:11","slug":"sera-que-vinha-para-aqui-a-santa-milagrosa-liliana-e-ines-discutem-segredo-de-ana-secret-story","status":"publish","type":"post","link":"https:\/\/www.europesays.com\/pt\/187163\/","title":{"rendered":"\u00abSer\u00e1 que vinha para aqui a santa milagrosa?\u00bb: Liliana e In\u00eas discutem segredo de ana &#8211; Secret Story"},"content":{"rendered":"<p>No Secret Story 9, Liliana e In\u00eas falam sobre o segredo de Ana. As concorrentes est\u00e3o cada vez mais pr\u00f3ximas&#8230; mas ser\u00e1 que algu\u00e9m vai arriscar?<\/p>\n<p><strong>Esta semana, h\u00e1 tr\u00eas concorrentes em risco de expuls\u00e3o. Pode votar na APP oficial do TVI reality ou atrav\u00e9s das linhas telef\u00f3nicas.<\/strong><\/p>\n<p>VOTE PARA SALVAR:<\/p>\n<p>ANA \u2013 761 20 20 01<\/p>\n<p>IN\u00caS \u2013 761 20 20 10<\/p>\n<p>LILIANA \u2013 761 20 20 14<\/p>\n<p><a href=\"https:\/\/tvi.iol.pt\/secretstory\/aominuto\" rel=\"nofollow noopener\" target=\"_blank\">Veja aqui tudo o que se passa na casa do Secret Story 9\u00a0<\/a><\/p>\n","protected":false},"excerpt":{"rendered":"No Secret Story 9, Liliana e In\u00eas falam sobre o segredo de Ana. As concorrentes est\u00e3o cada vez&hellip;\n","protected":false},"author":2,"featured_media":187164,"comment_status":"","ping_status":"","sticky":false,"template":"","format":"standard","meta":{"footnotes":""},"categories":[142],"tags":[114,115,19033,15353,19016,19034,32,33,151,19032],"class_list":{"0":"post-187163","1":"post","2":"type-post","3":"status-publish","4":"format-standard","5":"has-post-thumbnail","7":"category-tv","8":"tag-entertainment","9":"tag-entretenimento","10":"tag-galas-em-video","11":"tag-ines","12":"tag-liliana","13":"tag-melhores-momentos-casa-dos-segredos","14":"tag-portugal","15":"tag-pt","16":"tag-tv","17":"tag-videos-secret-story-tvi"},"share_on_mastodon":{"url":"https:\/\/pubeurope.com\/@pt\/115714853633102341","error":""},"_links":{"self":[{"href":"https:\/\/www.europesays.com\/pt\/wp-json\/wp\/v2\/posts\/187163","targetHints":{"allow":["GET"]}}],"collection":[{"href":"https:\/\/www.europesays.com\/pt\/wp-json\/wp\/v2\/posts"}],"about":[{"href":"https:\/\/www.europesays.com\/pt\/wp-json\/wp\/v2\/types\/post"}],"author":[{"embeddable":true,"href":"https:\/\/www.europesays.com\/pt\/wp-json\/wp\/v2\/users\/2"}],"replies":[{"embeddable":true,"href":"https:\/\/www.europesays.com\/pt\/wp-json\/wp\/v2\/comments?post=187163"}],"version-history":[{"count":0,"href":"https:\/\/www.europesays.com\/pt\/wp-json\/wp\/v2\/posts\/187163\/revisions"}],"wp:featuredmedia":[{"embeddable":true,"href":"https:\/\/www.europesays.com\/pt\/wp-json\/wp\/v2\/media\/187164"}],"wp:attachment":[{"href":"https:\/\/www.europesays.com\/pt\/wp-json\/wp\/v2\/media?parent=187163"}],"wp:term":[{"taxonomy":"category","embeddable":true,"href":"https:\/\/www.europesays.com\/pt\/wp-json\/wp\/v2\/categories?post=187163"},{"taxonomy":"post_tag","embeddable":true,"href":"https:\/\/www.europesays.com\/pt\/wp-json\/wp\/v2\/tags?post=187163"}],"curies":[{"name":"wp","href":"https:\/\/api.w.org\/{rel}","templated":true}]}}