{"id":187173,"date":"2025-12-13T23:35:14","date_gmt":"2025-12-13T23:35:14","guid":{"rendered":"https:\/\/www.europesays.com\/pt\/187173\/"},"modified":"2025-12-13T23:35:14","modified_gmt":"2025-12-13T23:35:14","slug":"narges-mohammadi-familia-da-nobel-da-paz-denuncia-espancamentos-durante-detencao","status":"publish","type":"post","link":"https:\/\/www.europesays.com\/pt\/187173\/","title":{"rendered":"Narges Mohammadi. Fam\u00edlia da Nobel da Paz denuncia &#8220;espancamentos&#8221; durante deten\u00e7\u00e3o"},"content":{"rendered":"<p>&#13;<br \/>\nNas redes sociais, <b>a Funda\u00e7\u00e3o Narges Mohammadi indica que a fam\u00edlia da ativista iraniana e de outros detidos n\u00e3o receberam qualquer informa\u00e7\u00e3o desde a &#8220;deten\u00e7\u00e3o violenta&#8221; na sexta-feira.<\/b>&#13;\n<\/p>\n<p>&#13;<br \/>\n<b>A deten\u00e7\u00e3o, denunciam, foi &#8220;acompanhada de espancamentos, insultos e obscenidades&#8221;.\u00a0<\/b>&#13;\n<\/p>\n<p>&#13;<br \/>\n&#8220;\u00c9 necess\u00e1rio proporcionar acesso imediato e completo a instala\u00e7\u00f5es m\u00e9dicas, registar den\u00fancias independentes e imparciais contra os perpetradores e aqueles que ordenaram as agress\u00f5es, amea\u00e7as e insultos aos detidos, e enviar todos os detidos para a medicina forense&#8221;, acrescenta ainda a funda\u00e7\u00e3o.\u00a0&#13;\n<\/p>\n<p>&#13;<br \/>\n<b>At\u00e9 ao momento, os familiares n\u00e3o tiveram not\u00edcias de que os detidos tenham tido acesso a um advogado.<\/b><br \/>&#13;\n<\/p>\n<p>Este s\u00e1bado, a procuradoria de Meshed, onde Narges Mohammadi foi detida na sexta-feira, <a href=\"https:\/\/narges.foundation\/urgent-human-rights-activists-arrested-at-khosrow-alikordi-memorial-in-mashhad\/\" target=\"_blank\" rel=\"nofollow noopener\">indicou que <\/a><b><a href=\"https:\/\/narges.foundation\/urgent-human-rights-activists-arrested-at-khosrow-alikordi-memorial-in-mashhad\/\" target=\"_blank\" rel=\"nofollow noopener\">39 pessoas foram detidas por &#8220;perturba\u00e7\u00e3o da ordem p\u00fablica&#8221;<\/a> durante uma cerim\u00f3nia em mem\u00f3ria de Khosrow Alikordi<\/b>, um proeminente ativista e advogado iraniano que foi encontrado morto na semana passada em circunst\u00e2ncias consideradas suspeitas.\u00a0<\/p>\n<p>Entre os detidos estariam Narges Mohammadi, o irm\u00e3o de Alikordi, Javad Alikordi, e Sepid\u00e9 Qolyan, uma ativista pol\u00edtica iraniana. Segundo o procurador Hassan Hematifar, os ativistas subiram para um carro e lan\u00e7aram &#8220;discursos inflamados&#8221; e animaram os presentes a entoar &#8220;slogans contra a ordem&#8221;.&#13;\n<\/p>\n<p>Na sexta-feira, a advogada de Narges Mohammadi, Chirinne Ardakani, tinha confirmado a deten\u00e7\u00e3o em declara\u00e7\u00f5es \u00e0 ag\u00eancia France Presse e tamb\u00e9m atrav\u00e9s das redes sociais. <\/p>\n<p>&#8220;A minha cliente (&#8230;) foi detida com outros ativistas h\u00e1 cerca de uma hora pelas for\u00e7as de seguran\u00e7a iranianas&#8221; depois de &#8220;ter tomado a palavra para denunciar a morte &#8216;suspeita&#8217; do advogado e defensor dos Direitos Humanos, Khosrow Alikordi&#8221;, avan\u00e7ou.\u00a0&#13;\n<\/p>\n<p>Narges Mohammadi, com 53 anos, foi distinguida com o Pr\u00e9mio Nobel da Paz em 2023 pela &#8220;luta contra a opress\u00e3o das mulheres no Ir\u00e3o e pela promo\u00e7\u00e3o dos Direitos Humanos&#8221;. <\/p>\n<p>Quando venceu o Pr\u00e9mio Nobel da Paz, cumpria pena na pris\u00e3o de Evin. Em dezembro de 2023, dois meses ap\u00f3s o an\u00fancio da distin\u00e7\u00e3o, os filhos de Narges Mohammadi receberam o pr\u00e9mio em Oslo em seu nome.\u00a0<\/p>\n<p>Em dezembro de 2024, a Nobel da Paz de saiu da pris\u00e3o por raz\u00f5es &#13;<br \/>\nm\u00e9dicas, depois de v\u00e1rias crises card\u00edacas nos \u00faltimos anos. Inicialmente a suspens\u00e3o da pena era apenas de tr\u00eas semanas, mas Narges Mohammadi continuou em liberdade para ser submetida a uma cirurgia devido a uma les\u00e3o num osso e tamb\u00e9m devido \u00e0 sa\u00fade card\u00edaca.\u00a0&#13;\n<\/p>\n<p>&#13;<br \/>\n<b>Narges Mohammadi foi detida e condenada a v\u00e1rios anos de &#13;<br \/>\npris\u00e3o: at\u00e9 \u00e0 deten\u00e7\u00e3o desta sexta-feira, a ativista tinha sido detida &#13;<br \/>\npelas autoridades iranianas por 13 vezes, condenada por cinco vezes e &#13;<br \/>\ncondenada a um total de mais de 30 anos de pris\u00e3o.<\/b>&#13;\n<\/p>\n<p>&#13;<br \/>\nComit\u00e9 noruegu\u00eas pede liberta\u00e7\u00e3o imediata&#13;\n<\/p>\n<p>&#13;<br \/>\nA deten\u00e7\u00e3o de Narges Mohammadi j\u00e1 foi condenada por v\u00e1rias figuras e organiza\u00e7\u00f5es internacionais, desde logo pela laureada com o Pr\u00e9mio Nobel da Paz deste ano, a opositora venezuelana Mar\u00eda Corina Machado.\u00a0&#13;\n<\/p>\n<p><b>&#8220;[Narges] foi detida pela sua coragem, por se recusar a aceitar a humilha\u00e7\u00e3o e por defender a dignidade das mulheres e os direitos b\u00e1sicos de todos os seres humanos&#8221;<\/b>, afirmou Machado.<\/p>\n<p>Corina Machado apelou a uma &#8220;longa marcha para a liberdade, n\u00e3o s\u00f3 venezuelana, mas tamb\u00e9m iraniana, universal&#8221;.&#13;\n<\/p>\n<p>&#13;<br \/>\n&#8220;Podem deter uma pessoa. N\u00e3o podem prender a verdade&#8221;, afirma.\u00a0&#13;\n<\/p>\n<p>&#13;<br \/>\n<b>&#13;<br \/>\n&#8220;O Comit\u00e9 Noruegu\u00eas do Nobel insta as autoridades iranianas a esclarecerem imediatamente o paradeiro de Mohammadi, a garantirem a sua seguran\u00e7a e integridade e a libertarem incondicionalmente&#8221;<\/b>, l\u00ea-se no site do comit\u00e9 nobel.&#13;\n<\/p>\n<p>&#13;<br \/>\nAcrescenta uma nota solid\u00e1ria para com &#8220;todos aqueles que, no Ir\u00e3o, lutam pacificamente pelos Direitos Humanos, pelo Estado de Direito e pela liberdade de express\u00e3o&#8221;.\u00a0&#13;\n<\/p>\n<p>&#13;<br \/>\n<b>O Comit\u00e9 Nobel estabelece ainda uma rela\u00e7\u00e3o entre a deten\u00e7\u00e3o desta sexta-feira e a recente atribui\u00e7\u00e3o do Nobel da Paz a uma opositora do regime venezuelano.\u00a0&#13;<br \/>\n<\/b>&#13;\n<\/p>\n<p>&#13;<br \/>\n&#8220;Considerando a estreita colabora\u00e7\u00e3o entre os regimes do Ir\u00e3o e da Venezuela, o Comit\u00e9 Noruegu\u00eas do Nobel observa que a deten\u00e7\u00e3o de Mohammadi ocorre precisamente quando o Pr\u00e9mio Nobel da Paz foi atribu\u00eddo \u00e0 l\u00edder da oposi\u00e7\u00e3o venezuelana, Maria Corina Machado&#8221;, pode ler-se no site.\u00a0&#13;\n<\/p>\n<p>&#13;<br \/>\ncom ag\u00eancias&#13;<\/p>\n","protected":false},"excerpt":{"rendered":"&#13; Nas redes sociais, a Funda\u00e7\u00e3o Narges Mohammadi indica que a fam\u00edlia da ativista iraniana e de outros&hellip;\n","protected":false},"author":2,"featured_media":187174,"comment_status":"","ping_status":"","sticky":false,"template":"","format":"standard","meta":{"footnotes":""},"categories":[50],"tags":[27,28,3853,15,16,14,5453,25,26,21,22,62,37737,12,24802,13,19,20,23,24,17,18,29,30,31,63,64,65],"class_list":{"0":"post-187173","1":"post","2":"type-post","3":"status-publish","4":"format-standard","5":"has-post-thumbnail","7":"category-mundo","8":"tag-breaking-news","9":"tag-breakingnews","10":"tag-detencao","11":"tag-featured-news","12":"tag-featurednews","13":"tag-headlines","14":"tag-irao","15":"tag-latest-news","16":"tag-latestnews","17":"tag-main-news","18":"tag-mainnews","19":"tag-mundo","20":"tag-narges-mohammadi","21":"tag-news","22":"tag-nobel-da-paz","23":"tag-noticias","24":"tag-noticias-principais","25":"tag-noticiasprincipais","26":"tag-principais-noticias","27":"tag-principaisnoticias","28":"tag-top-stories","29":"tag-topstories","30":"tag-ultimas","31":"tag-ultimas-noticias","32":"tag-ultimasnoticias","33":"tag-world","34":"tag-world-news","35":"tag-worldnews"},"share_on_mastodon":{"url":"https:\/\/pubeurope.com\/@pt\/115714885384289586","error":""},"_links":{"self":[{"href":"https:\/\/www.europesays.com\/pt\/wp-json\/wp\/v2\/posts\/187173","targetHints":{"allow":["GET"]}}],"collection":[{"href":"https:\/\/www.europesays.com\/pt\/wp-json\/wp\/v2\/posts"}],"about":[{"href":"https:\/\/www.europesays.com\/pt\/wp-json\/wp\/v2\/types\/post"}],"author":[{"embeddable":true,"href":"https:\/\/www.europesays.com\/pt\/wp-json\/wp\/v2\/users\/2"}],"replies":[{"embeddable":true,"href":"https:\/\/www.europesays.com\/pt\/wp-json\/wp\/v2\/comments?post=187173"}],"version-history":[{"count":0,"href":"https:\/\/www.europesays.com\/pt\/wp-json\/wp\/v2\/posts\/187173\/revisions"}],"wp:featuredmedia":[{"embeddable":true,"href":"https:\/\/www.europesays.com\/pt\/wp-json\/wp\/v2\/media\/187174"}],"wp:attachment":[{"href":"https:\/\/www.europesays.com\/pt\/wp-json\/wp\/v2\/media?parent=187173"}],"wp:term":[{"taxonomy":"category","embeddable":true,"href":"https:\/\/www.europesays.com\/pt\/wp-json\/wp\/v2\/categories?post=187173"},{"taxonomy":"post_tag","embeddable":true,"href":"https:\/\/www.europesays.com\/pt\/wp-json\/wp\/v2\/tags?post=187173"}],"curies":[{"name":"wp","href":"https:\/\/api.w.org\/{rel}","templated":true}]}}