{"id":187179,"date":"2025-12-13T23:39:11","date_gmt":"2025-12-13T23:39:11","guid":{"rendered":"https:\/\/www.europesays.com\/pt\/187179\/"},"modified":"2025-12-13T23:39:11","modified_gmt":"2025-12-13T23:39:11","slug":"ao-lado-do-filho-e-das-avos-do-jovem-cristina-ferreira-partilha-curiosidade-que-envolve-joao-monteiro-disse-logo","status":"publish","type":"post","link":"https:\/\/www.europesays.com\/pt\/187179\/","title":{"rendered":"Ao lado do filho e das av\u00f3s do jovem, Cristina Ferreira partilha curiosidade&#8230; que envolve Jo\u00e3o Monteiro: &#8220;Disse logo&#8221;"},"content":{"rendered":"<p>&#8220;Viagem das av\u00f3s 2025&#8221;. Foi desta forma que\u00a0<a href=\"https:\/\/selfie.iol.pt\/famosos\/cristina-ferreira\/cristina-ferreira-cumpre-tradicao-e-viaja-com-filho-e-avos-do-jovem-aqui-passava-muito-tempo-a-rainha\/20251212\/693c5f39d34e2bd5c6d50bba\" target=\"_blank\" wbo-id=\"59\" rel=\"nofollow noopener\">Cristina Ferreira<\/a>\u00a0anunciou, na passada sexta-feira, dia 12, que est\u00e1 a cumprir uma tradi\u00e7\u00e3o anual, na qual viaja com o filho, Tiago, e as duas av\u00f3s do jovem.<\/p>\n<p>Neste ano, o destino foi Oxfordshire, em Inglaterra. E, no Instagram, a apresentadora, de 48 anos, tem partilhado registos desta viagem \u00fanica.<\/p>\n<p>Na legenda de algumas das fotografias, Cristina Ferreira revelou uma curiosidade que envolve <a href=\"https:\/\/selfie.iol.pt\/famosos\/cristina-ferreira\/em-foto-inedita-joao-monteiro-confessa-parece-mais-pesado-num-sabado-a-tarde\/20251206\/69346f28d34e2bd5c6d4d18e\" target=\"_blank\" rel=\"nofollow noopener\">Jo\u00e3o Monteiro<\/a>.<\/p>\n<p>&#8220;Cotswolds est\u00e1 no topo das minhas zonas favoritas do mundo que j\u00e1 visitei. Vim c\u00e1 a primeira vez com o Jo\u00e3o [<a href=\"https:\/\/selfie.iol.pt\/fotos\/a-viagem-magica-de-cristina-ferreira-e-joao-monteiro-a-inglaterra\/672f6b36d34e94b829073e68\" target=\"_blank\" rel=\"nofollow noopener\">em novembro de 2024<\/a>] e disse logo que seria a viagem das av\u00f3s&#8221;, come\u00e7ou por partilhar a comunicadora.<\/p>\n<p>Cristina Ferreira mostrou-se rendida ao condado: &#8220;\u00c9 de uma beleza indescrit\u00edvel, como se estiv\u00e9ssemos constantemente num filme. Ali\u00e1s, muitos j\u00e1 foram aqui gravados. O &#8216;Senhor dos An\u00e9is&#8217; e &#8216;O Di\u00e1rio de Bridget Jones&#8217; s\u00e3o dois deles. Os campos s\u00e3o de perder de vista, as cores vivas e bem misturadas, as casas de pedra e os jardins perfeitos.&#8221;<\/p>\n<p>&#8220;\u00c0s vezes tenho a sensa\u00e7\u00e3o de que n\u00e3o vive aqui ningu\u00e9m de t\u00e3o irreal que parece ser. Mas vive a apresentadora americana Ellen [Degeneres], que, zangada com [Donald] Trump, se mudou para Inglaterra. Pod\u00edamos ser vizinhas, que n\u00e3o me importava. Quer dizer, o frio fazia-me pensar. E hoje at\u00e9 estava sol. \u00c0 hora a que escrevo j\u00e1 est\u00e1 noite. Chegou \u00e0s 16:00 horas. E estou a ganhar coragem para ir ao gin\u00e1sio, mas sair do quente do quarto est\u00e1 a ser uma luta&#8221;, completou.<\/p>\n<p>Veja, agora, as imagens partilhadas por Cristina Ferreira na galeria de fotografias que prepar\u00e1mos para si.<\/p>\n","protected":false},"excerpt":{"rendered":"&#8220;Viagem das av\u00f3s 2025&#8221;. Foi desta forma que\u00a0Cristina Ferreira\u00a0anunciou, na passada sexta-feira, dia 12, que est\u00e1 a cumprir&hellip;\n","protected":false},"author":2,"featured_media":187180,"comment_status":"","ping_status":"","sticky":false,"template":"","format":"standard","meta":{"footnotes":""},"categories":[145],"tags":[48,2632,211,210,166,114,115,980,1015,6470,619,32,33,1014,1012,162,814],"class_list":{"0":"post-187179","1":"post","2":"type-post","3":"status-publish","4":"format-standard","5":"has-post-thumbnail","7":"category-celebridades","8":"tag-big-brother","9":"tag-casa-dos-segredos","10":"tag-celebridades","11":"tag-celebrities","12":"tag-cristina-ferreira","13":"tag-entertainment","14":"tag-entretenimento","15":"tag-famosos","16":"tag-instagram","17":"tag-joao-monteiro","18":"tag-nacional","19":"tag-portugal","20":"tag-pt","21":"tag-reality-show","22":"tag-selfie","23":"tag-tvi","24":"tag-viagem"},"share_on_mastodon":{"url":"https:\/\/pubeurope.com\/@pt\/115714900992662283","error":""},"_links":{"self":[{"href":"https:\/\/www.europesays.com\/pt\/wp-json\/wp\/v2\/posts\/187179","targetHints":{"allow":["GET"]}}],"collection":[{"href":"https:\/\/www.europesays.com\/pt\/wp-json\/wp\/v2\/posts"}],"about":[{"href":"https:\/\/www.europesays.com\/pt\/wp-json\/wp\/v2\/types\/post"}],"author":[{"embeddable":true,"href":"https:\/\/www.europesays.com\/pt\/wp-json\/wp\/v2\/users\/2"}],"replies":[{"embeddable":true,"href":"https:\/\/www.europesays.com\/pt\/wp-json\/wp\/v2\/comments?post=187179"}],"version-history":[{"count":0,"href":"https:\/\/www.europesays.com\/pt\/wp-json\/wp\/v2\/posts\/187179\/revisions"}],"wp:featuredmedia":[{"embeddable":true,"href":"https:\/\/www.europesays.com\/pt\/wp-json\/wp\/v2\/media\/187180"}],"wp:attachment":[{"href":"https:\/\/www.europesays.com\/pt\/wp-json\/wp\/v2\/media?parent=187179"}],"wp:term":[{"taxonomy":"category","embeddable":true,"href":"https:\/\/www.europesays.com\/pt\/wp-json\/wp\/v2\/categories?post=187179"},{"taxonomy":"post_tag","embeddable":true,"href":"https:\/\/www.europesays.com\/pt\/wp-json\/wp\/v2\/tags?post=187179"}],"curies":[{"name":"wp","href":"https:\/\/api.w.org\/{rel}","templated":true}]}}