{"id":187184,"date":"2025-12-13T23:45:20","date_gmt":"2025-12-13T23:45:20","guid":{"rendered":"https:\/\/www.europesays.com\/pt\/187184\/"},"modified":"2025-12-13T23:45:20","modified_gmt":"2025-12-13T23:45:20","slug":"e-pai-de-10-filhos-e-avo-reformou-se-em-2021-mas-vai-voltar-a-jogar-na-nfl","status":"publish","type":"post","link":"https:\/\/www.europesays.com\/pt\/187184\/","title":{"rendered":"\u00c9 pai de 10 filhos e av\u00f4, reformou-se em 2021, mas vai voltar a jogar na NFL"},"content":{"rendered":"<p>A semana de loucos de Philip Rivers vai culminar este domingo quando, quase cinco anos desde o \u00faltimo jogo na carreira, voltar a entrar num relvado da NFL para, ao servi\u00e7o dos Indianapolis Colts, encarar os Seahwaks em Seattle.<\/p>\n<p>Na \u00faltima segunda-feira, nada mais nada menos o dia do seu 44.\u00ba anivers\u00e1rio, Rivers fez um treino experimental com os Colts, desesperados por arranjarem uma alternativa para a posi\u00e7\u00e3o de quarterback. No dia seguinte, integrou oficialmente o plantel dos Colts e este s\u00e1bado j\u00e1 foi confirmado: vai mesmo a jogo no domingo, um duelo de extrema import\u00e2ncia.<\/p>\n<p>Os Colts t\u00eam o registo de oito vit\u00f3rias e cinco derrotas, as \u00faltimas tr\u00eas de forma consecutiva e, neste momento, est\u00e3o fora dos lugares de acesso aos play-offs. A contrata\u00e7\u00e3o de Rivers foi motivada devido a les\u00f5es dos tr\u00eas quarterbacks da equipa. O titular Daniel Jones rompeu o tend\u00e3o de Aquiles, o suplente Riley Leonard lesionou-se no joelho e Anthony Richardson recupera de uma fratura facial.<\/p>\n<p>Deste modo, Rivers n\u00e3o podia estar mais entusiasmado pelo regresso, como explicou em confer\u00eancia de imprensa.<\/p>\n<blockquote>\n<p>\u00c9 entusiasmante. \u00c9 daqueles acordos em que a porta se abre e tu entras e v\u00eas se \u00e9s capaz, ou ent\u00e3o foges. Eu sei que h\u00e1 risco envolvido, mas senti que era um presente ter outra oportunidade para jogar o jogo que amo, de viver o sonho mais uma vez.<\/p>\n<\/blockquote>\n<p>Rivers tem uma carreira hist\u00f3rica na NFL: \u00e9 o quinto quarterback com mais jardas em passe de sempre, o sexto de n\u00fameros de touchdowns. Jogou 16 temporadas nos Chargers e uma nos Colts, onde terminou a carreira em janeiro de 2021, numa derrota (24-27) para os Buffalo Bills na ronda wild card dos play-offs.<\/p>\n<p>Fora de campo, Rivers tamb\u00e9m \u00e9 conhecido pela numerosa fam\u00edlia que construiu com Tiffany Rivers. O casal tem 10 filhos, sete raparigas e tr\u00eas rapazes, entre os 23 e os dois anos de idade. A mais velha, Halle, foi m\u00e3e no final do ano passado, o que far\u00e1 de Rivers um caso ainda mais raro da NFL: jogar j\u00e1 sendo av\u00f4.<\/p>\n<p>O \u00fanico quarterback que o fez foi Brett Favre, que foi av\u00f4 no \u00faltimo ano da carreira, em 2010, quando jogava nos Minnesota Vikings.<\/p>\n<p>Em termos de idade, s\u00f3 outros quatro quarterbacks entraram em campo com 44 ou mais anos: Tom Brady, Vinny Testaverde, Steve DeBerg e Warren Moon.<\/p>\n","protected":false},"excerpt":{"rendered":"A semana de loucos de Philip Rivers vai culminar este domingo quando, quase cinco anos desde o \u00faltimo&hellip;\n","protected":false},"author":2,"featured_media":187185,"comment_status":"","ping_status":"","sticky":false,"template":"","format":"standard","meta":{"footnotes":""},"categories":[87],"tags":[135,32,33,134],"class_list":{"0":"post-187184","1":"post","2":"type-post","3":"status-publish","4":"format-standard","5":"has-post-thumbnail","7":"category-desporto","8":"tag-desporto","9":"tag-portugal","10":"tag-pt","11":"tag-sports"},"share_on_mastodon":{"url":"https:\/\/pubeurope.com\/@pt\/115714924411126123","error":""},"_links":{"self":[{"href":"https:\/\/www.europesays.com\/pt\/wp-json\/wp\/v2\/posts\/187184","targetHints":{"allow":["GET"]}}],"collection":[{"href":"https:\/\/www.europesays.com\/pt\/wp-json\/wp\/v2\/posts"}],"about":[{"href":"https:\/\/www.europesays.com\/pt\/wp-json\/wp\/v2\/types\/post"}],"author":[{"embeddable":true,"href":"https:\/\/www.europesays.com\/pt\/wp-json\/wp\/v2\/users\/2"}],"replies":[{"embeddable":true,"href":"https:\/\/www.europesays.com\/pt\/wp-json\/wp\/v2\/comments?post=187184"}],"version-history":[{"count":0,"href":"https:\/\/www.europesays.com\/pt\/wp-json\/wp\/v2\/posts\/187184\/revisions"}],"wp:featuredmedia":[{"embeddable":true,"href":"https:\/\/www.europesays.com\/pt\/wp-json\/wp\/v2\/media\/187185"}],"wp:attachment":[{"href":"https:\/\/www.europesays.com\/pt\/wp-json\/wp\/v2\/media?parent=187184"}],"wp:term":[{"taxonomy":"category","embeddable":true,"href":"https:\/\/www.europesays.com\/pt\/wp-json\/wp\/v2\/categories?post=187184"},{"taxonomy":"post_tag","embeddable":true,"href":"https:\/\/www.europesays.com\/pt\/wp-json\/wp\/v2\/tags?post=187184"}],"curies":[{"name":"wp","href":"https:\/\/api.w.org\/{rel}","templated":true}]}}