{"id":187186,"date":"2025-12-13T23:46:48","date_gmt":"2025-12-13T23:46:48","guid":{"rendered":"https:\/\/www.europesays.com\/pt\/187186\/"},"modified":"2025-12-13T23:46:48","modified_gmt":"2025-12-13T23:46:48","slug":"presenca-de-mosquito-da-febre-amarela-acende-alerta-em-sc-saude-e-bem-estar","status":"publish","type":"post","link":"https:\/\/www.europesays.com\/pt\/187186\/","title":{"rendered":"Presen\u00e7a de mosquito da febre amarela acende alerta em SC &#8211; Sa\u00fade e Bem-Estar"},"content":{"rendered":"<p>\t\t\t<img loading=\"lazy\" decoding=\"async\" alt=\"\" height=\"630\" src=\"https:\/\/www.europesays.com\/pt\/wp-content\/uploads\/2025\/12\/copia de capas portal (60)(1).png\" width=\"1200\"\/>&#13;<br \/>\nBi\u00f3loga Sabrina Fernandes Cardoso durante coleta de esp\u00e9cimes para a pesquisa, em Bra\u00e7o do Norte. Foto: Divulga\u00e7\u00e3o\/UFSC&#13;<\/p>\n<p data-end=\"894\" data-start=\"548\">A presen\u00e7a do mosquito Haemagogus leucocelaenus, transmissor do ciclo silvestre da febre amarela, acendeu um alerta em \u00e1reas de mata de cinco munic\u00edpios de Santa Catarina: Santa Rosa de Lima, Rio Fortuna, Bra\u00e7o do Norte, S\u00e3o Martinho e Pedras Grandes. As informa\u00e7\u00f5es fazem parte de uma pesquisa da Universidade Federal de Santa Catarina (UFSC).<\/p>\n<p data-end=\"1135\" data-start=\"896\">Considerado o primeiro registro oficial da esp\u00e9cie no estado, o achado refor\u00e7a a import\u00e2ncia de manter a vacina\u00e7\u00e3o em dia. Desde 2018, todo o territ\u00f3rio catarinense \u00e9 \u00e1rea de recomenda\u00e7\u00e3o para imuniza\u00e7\u00e3o, dispon\u00edvel gratuitamente pelo SUS.\u00a0A febre amarela \u00e9 uma doen\u00e7a viral grave e de evolu\u00e7\u00e3o r\u00e1pida, transmitida de duas formas. No ciclo urbano, que n\u00e3o ocorre no Brasil desde 1942,\u00a0\u00a0o mosquito Aedes aegypti \u00e9 o respons\u00e1vel pela dissemina\u00e7\u00e3o do v\u00edrus, o mesmo vetor da dengue, zika e chikungunya. No ciclo silvestre, ainda presente no pa\u00eds, a transmiss\u00e3o envolve mosquitos t\u00edpicos de \u00e1reas de floresta, como os g\u00eaneros Haemagogus e Sabethes, que picam macacos infectados e, eventualmente, humanos que circulam nesses ambientes.<\/p>\n<p data-end=\"1634\" data-start=\"1137\">Entre 2019 e 2021, Santa Catarina registrou 27 casos de febre amarela e oito mortes, todos relacionados ao ciclo silvestre, segundo a Secretaria de Estado da Sa\u00fade. Em 2022, houve apenas um caso, importado de outro estado. Com o novo achado da UFSC, especialistas refor\u00e7am que a vacina\u00e7\u00e3o \u00e9 a principal forma de preven\u00e7\u00e3o e deve ser buscada por qualquer pessoa a partir dos 9 meses de idade que ainda n\u00e3o tenha recebido a dose.<\/p>\n<p data-end=\"1634\" data-start=\"1137\"><strong>LEIA MAIS:<\/strong><\/p>\n<p data-end=\"1634\" data-start=\"1137\">\u00a0<\/p>\n<p>Especialistas alertam para risco de retorno do ciclo urbano<\/p>\n<p data-end=\"2681\" data-start=\"2065\">Para a bi\u00f3loga Sabrina Fernandes Cardoso, doutora em Biologia Celular e Desenvolvimento pela UFSC e autora principal do estudo, a confirma\u00e7\u00e3o do Haemagogus leucocelaenus em Santa Catarina representa um alerta importante para a sa\u00fade p\u00fablica. Segundo ela, o estado j\u00e1 enfrenta uma situa\u00e7\u00e3o preocupante com o Aedes aegypti, que apresenta n\u00famero recorde de focos. \u201c\u00c9 uma bomba-rel\u00f3gio. Se uma pessoa for picada pelo Haemagogus na mata, contrair febre amarela e voltar doente para o centro urbano, pode ser picada pelo Aedes aegypti. As condi\u00e7\u00f5es para o retorno do ciclo urbano da doen\u00e7a est\u00e3o todas a\u00ed\u201d, afirma.<\/p>\n<p data-end=\"3373\" data-start=\"2683\">A professora Lu\u00edsa Damasio Rona Pitaluga, do Departamento de Biologia Celular, Embriologia e Gen\u00e9tica da UFSC, destaca que a descoberta tem papel fundamental na constru\u00e7\u00e3o de pol\u00edticas p\u00fablicas de controle e preven\u00e7\u00e3o, por oferecer informa\u00e7\u00f5es precisas sobre os mosquitos transmissores. Ela refor\u00e7a que a pesquisa s\u00f3 foi poss\u00edvel gra\u00e7as \u00e0 parceria entre diferentes institui\u00e7\u00f5es, incluindo a Fiocruz, a Diretoria de Vigil\u00e2ncia Epidemiol\u00f3gica (Dive\/SC) e o Instituto Nacional de Ci\u00eancia, Tecnologia e Inova\u00e7\u00e3o em Entomologia Molecular. \u201cO estudo da Sabrina fortalece a integra\u00e7\u00e3o entre a universidade e os \u00f3rg\u00e3os de sa\u00fade, uma colabora\u00e7\u00e3o essencial dentro do conceito de sa\u00fade \u00fanica\u201d, afirma.<\/p>\n<p><img loading=\"lazy\" decoding=\"async\" alt=\"\" height=\"630\" src=\"https:\/\/www.europesays.com\/pt\/wp-content\/uploads\/2025\/12\/copia de capas portal (61).png\" width=\"1200\"\/>&#13;<br \/>\nNovo kit de diagn\u00f3stico tem custo estimado de R$ 30, menos de um ter\u00e7o do valor do RT-PCR. Foto: Andr\u00e9 Pitaluga\/UFSC&#13;<\/p>\n<p data-end=\"3373\" data-start=\"2683\">\u00a0<\/p>\n<p data-end=\"3373\" data-start=\"2683\">\u00a0<\/p>\n","protected":false},"excerpt":{"rendered":"&#13; Bi\u00f3loga Sabrina Fernandes Cardoso durante coleta de esp\u00e9cimes para a pesquisa, em Bra\u00e7o do Norte. Foto: Divulga\u00e7\u00e3o\/UFSC&#13;&hellip;\n","protected":false},"author":2,"featured_media":187187,"comment_status":"","ping_status":"","sticky":false,"template":"","format":"standard","meta":{"footnotes":""},"categories":[86],"tags":[13322,13324,5628,13320,10510,1914,116,13325,1133,13,987,32,3937,13321,33,13323,3551,3801,117,8767,13326,13327],"class_list":{"0":"post-187186","1":"post","2":"type-post","3":"status-publish","4":"format-standard","5":"has-post-thumbnail","7":"category-saude","8":"tag-4oito","9":"tag-adelor-lessa","10":"tag-blog","11":"tag-blogs","12":"tag-criciuma","13":"tag-fm","14":"tag-health","15":"tag-lessa","16":"tag-noticia","17":"tag-noticias","18":"tag-portal","19":"tag-portugal","20":"tag-post","21":"tag-posts","22":"tag-pt","23":"tag-quatrooito","24":"tag-regiao","25":"tag-santa-catarina","26":"tag-saude","27":"tag-sc","28":"tag-som-maior","29":"tag-sommaiorfm"},"share_on_mastodon":{"url":"https:\/\/pubeurope.com\/@pt\/115714933404438979","error":""},"_links":{"self":[{"href":"https:\/\/www.europesays.com\/pt\/wp-json\/wp\/v2\/posts\/187186","targetHints":{"allow":["GET"]}}],"collection":[{"href":"https:\/\/www.europesays.com\/pt\/wp-json\/wp\/v2\/posts"}],"about":[{"href":"https:\/\/www.europesays.com\/pt\/wp-json\/wp\/v2\/types\/post"}],"author":[{"embeddable":true,"href":"https:\/\/www.europesays.com\/pt\/wp-json\/wp\/v2\/users\/2"}],"replies":[{"embeddable":true,"href":"https:\/\/www.europesays.com\/pt\/wp-json\/wp\/v2\/comments?post=187186"}],"version-history":[{"count":0,"href":"https:\/\/www.europesays.com\/pt\/wp-json\/wp\/v2\/posts\/187186\/revisions"}],"wp:featuredmedia":[{"embeddable":true,"href":"https:\/\/www.europesays.com\/pt\/wp-json\/wp\/v2\/media\/187187"}],"wp:attachment":[{"href":"https:\/\/www.europesays.com\/pt\/wp-json\/wp\/v2\/media?parent=187186"}],"wp:term":[{"taxonomy":"category","embeddable":true,"href":"https:\/\/www.europesays.com\/pt\/wp-json\/wp\/v2\/categories?post=187186"},{"taxonomy":"post_tag","embeddable":true,"href":"https:\/\/www.europesays.com\/pt\/wp-json\/wp\/v2\/tags?post=187186"}],"curies":[{"name":"wp","href":"https:\/\/api.w.org\/{rel}","templated":true}]}}