{"id":187192,"date":"2025-12-13T23:54:23","date_gmt":"2025-12-13T23:54:23","guid":{"rendered":"https:\/\/www.europesays.com\/pt\/187192\/"},"modified":"2025-12-13T23:54:23","modified_gmt":"2025-12-13T23:54:23","slug":"menezes-admiro-me-que-ainda-muitas-gravidas-nao-tenham-dado-a-luz-na-ponte-da-arrabida","status":"publish","type":"post","link":"https:\/\/www.europesays.com\/pt\/187192\/","title":{"rendered":"Menezes: &#8220;Admiro-me que ainda muitas gr\u00e1vidas n\u00e3o tenham dado \u00e0 luz na Ponte da Arr\u00e1bida&#8221;"},"content":{"rendered":"<p data-remotead-prev-elm=\"true\" data-remotead-elm-id=\"inread\">&#8220;Os hospitais polivalentes, como \u00e9 o caso deste de Gaia e Espinho, que ficam na periferia de uma grande \u00e1rea metropolitana, t\u00eam todas as val\u00eancias e uma grande import\u00e2ncia do ponto de vista da organiza\u00e7\u00e3o da emerg\u00eancia m\u00e9dica. E porqu\u00ea? Porque estando na periferia, toda a l\u00f3gica de transporte e mobilidade \u00e9 muito mais f\u00e1cil. Os senhores conhecem o quadro que est\u00e1 a haver sobre a VCI, por exemplo. Eu admiro-me que ainda muitas gr\u00e1vidas n\u00e3o tenham dado \u00e0 luz na Ponte da Arr\u00e1bida&#8221;, atirou o presidente da C\u00e2mara de Gaia, aludindo aos problemas de tr\u00e2nsito no Porto.<\/p>\n<p>A preceder a reuni\u00e3o desta sexta-feira, com os atuais e anteriores diretores do hospital, num encontro que tamb\u00e9m juntou m\u00e9dicos e o presidente da C\u00e2mara de Espinho, Jorge Ratola, Menezes considerou que o Governo deve refor\u00e7ar, de &#8220;uma forma definitiva a polival\u00eancia, do ponto de vista qualitativo e de emerg\u00eancia m\u00e9dica, o centro hospitalar de Gaia\/Espinho, que acaba por ser o grande centro a sul do Porto&#8221;.<\/p>\n<p>O Hospital de Gaia recebeu a confirma\u00e7\u00e3o da Comiss\u00e3o Nacional da Sa\u00fade da Mulher, Crian\u00e7a e Adolescente de que mant\u00e9m a classifica\u00e7\u00e3o IIb na rede de referencia\u00e7\u00e3o em pediatria, acabando com a incerteza e a pol\u00e9mica levantadas recentemente. &#8220;Em abono da verdade, acho que foi pelo barulho que fizemos. Nem sequer admito outro cen\u00e1rio. Assim como n\u00e3o admito outro cen\u00e1rio em rela\u00e7\u00e3o \u00e0 cardiologia e a qualquer val\u00eancia de especialidade qualificada que est\u00e1 no Hospital de Gaia&#8221;, adiantou.<\/p>\n<p>O presidente do conselho de administra\u00e7\u00e3o da unidade hospitalar, Lu\u00eds Matos, afirmou, por seu lado, haver o &#8220;compromisso da parte da Comiss\u00e3o Nacional da Sa\u00fade Materna para ter os cuidados interm\u00e9dios pedi\u00e1tricos em 2026&#8221;, revelando ter &#8220;um documento escrito onde diz que n\u00e3o h\u00e1 problema nenhum com a \u00e1rea pedi\u00e1trica&#8221; e que ir\u00e3o manter-se o n\u00edvel em que &#8220;sempre&#8221; estiveram e que &#8220;\u00e9 o n\u00edvel correto&#8221;.<\/p>\n","protected":false},"excerpt":{"rendered":"&#8220;Os hospitais polivalentes, como \u00e9 o caso deste de Gaia e Espinho, que ficam na periferia de uma&hellip;\n","protected":false},"author":2,"featured_media":187193,"comment_status":"","ping_status":"","sticky":false,"template":"","format":"standard","meta":{"footnotes":""},"categories":[10],"tags":[27,28,19635,15,16,14,24535,25,26,18857,21,22,12,13,19,20,32,23,24,33,17,18,29,30,31],"class_list":{"0":"post-187192","1":"post","2":"type-post","3":"status-publish","4":"format-standard","5":"has-post-thumbnail","7":"category-portugal","8":"tag-breaking-news","9":"tag-breakingnews","10":"tag-concelho-vila-nova-de-gaia","11":"tag-featured-news","12":"tag-featurednews","13":"tag-headlines","14":"tag-hospital-de-gaia","15":"tag-latest-news","16":"tag-latestnews","17":"tag-luis-filipe-menezes","18":"tag-main-news","19":"tag-mainnews","20":"tag-news","21":"tag-noticias","22":"tag-noticias-principais","23":"tag-noticiasprincipais","24":"tag-portugal","25":"tag-principais-noticias","26":"tag-principaisnoticias","27":"tag-pt","28":"tag-top-stories","29":"tag-topstories","30":"tag-ultimas","31":"tag-ultimas-noticias","32":"tag-ultimasnoticias"},"share_on_mastodon":{"url":"https:\/\/pubeurope.com\/@pt\/115714959958892057","error":""},"_links":{"self":[{"href":"https:\/\/www.europesays.com\/pt\/wp-json\/wp\/v2\/posts\/187192","targetHints":{"allow":["GET"]}}],"collection":[{"href":"https:\/\/www.europesays.com\/pt\/wp-json\/wp\/v2\/posts"}],"about":[{"href":"https:\/\/www.europesays.com\/pt\/wp-json\/wp\/v2\/types\/post"}],"author":[{"embeddable":true,"href":"https:\/\/www.europesays.com\/pt\/wp-json\/wp\/v2\/users\/2"}],"replies":[{"embeddable":true,"href":"https:\/\/www.europesays.com\/pt\/wp-json\/wp\/v2\/comments?post=187192"}],"version-history":[{"count":0,"href":"https:\/\/www.europesays.com\/pt\/wp-json\/wp\/v2\/posts\/187192\/revisions"}],"wp:featuredmedia":[{"embeddable":true,"href":"https:\/\/www.europesays.com\/pt\/wp-json\/wp\/v2\/media\/187193"}],"wp:attachment":[{"href":"https:\/\/www.europesays.com\/pt\/wp-json\/wp\/v2\/media?parent=187192"}],"wp:term":[{"taxonomy":"category","embeddable":true,"href":"https:\/\/www.europesays.com\/pt\/wp-json\/wp\/v2\/categories?post=187192"},{"taxonomy":"post_tag","embeddable":true,"href":"https:\/\/www.europesays.com\/pt\/wp-json\/wp\/v2\/tags?post=187192"}],"curies":[{"name":"wp","href":"https:\/\/api.w.org\/{rel}","templated":true}]}}