{"id":187198,"date":"2025-12-13T23:57:18","date_gmt":"2025-12-13T23:57:18","guid":{"rendered":"https:\/\/www.europesays.com\/pt\/187198\/"},"modified":"2025-12-13T23:57:18","modified_gmt":"2025-12-13T23:57:18","slug":"sem-escada-ou-elevador-nessa-casa-a-3-mil-metros-de-altura-so-se-chega-por-corda","status":"publish","type":"post","link":"https:\/\/www.europesays.com\/pt\/187198\/","title":{"rendered":"Sem escada ou elevador: nessa casa a 3 mil metros de altura s\u00f3 se chega por corda"},"content":{"rendered":"<p>Considerada uma das constru\u00e7\u00f5es mais isoladas do mundo, essa pequena fortaleza de pedra serviu como abrigo militar e hoje atrai aventureiros em busca de uma vista deslumbrante \u2013 e uma dose de adrenalina.<\/p>\n<p>Os historiadores acreditam que a casa foi erguida em um local quase inacess\u00edvel para prote\u00e7\u00e3o de soldados italianos contra inimigos e intemp\u00e9ries na Grande Guerra. Mais de um s\u00e9culo depois, sua estrutura resiste, mas a jornada at\u00e9 ela ainda \u00e9 uma prova de coragem.<\/p>\n<p>A casa que desafia o abismo<\/p>\n<p>Cravada no Monte Cristallo, nas Dolomitas italianas, a Buffa di Perrero tem uma <a href=\"https:\/\/www.gazetasp.com.br\/gazeta-mais\/curiosidades\/dia-da-arquitetura-conheca-pontos-historicos-da-cidade-de-sao-paulo\/1139630\/\" rel=\"nofollow noopener\" target=\"_blank\">arquitetura que desafia a l\u00f3gica<\/a>. Com paredes de pedra e teto inclinado, fica em um penhasco t\u00e3o \u00edngreme que, at\u00e9 hoje, especialistas n\u00e3o sabem como conseguiram construir algo ali em plena guerra.<\/p>\n","protected":false},"excerpt":{"rendered":"Considerada uma das constru\u00e7\u00f5es mais isoladas do mundo, essa pequena fortaleza de pedra serviu como abrigo militar e&hellip;\n","protected":false},"author":2,"featured_media":187199,"comment_status":"","ping_status":"","sticky":false,"template":"","format":"standard","meta":{"footnotes":""},"categories":[144],"tags":[207,205,206,203,201,202,37954,204,114,115,32,33],"class_list":{"0":"post-187198","1":"post","2":"type-post","3":"status-publish","4":"format-standard","5":"has-post-thumbnail","7":"category-arte-e-design","8":"tag-arte","9":"tag-arte-e-design","10":"tag-artedesign","11":"tag-arts","12":"tag-arts-and-design","13":"tag-artsanddesign","14":"tag-casa-e-jardim","15":"tag-design","16":"tag-entertainment","17":"tag-entretenimento","18":"tag-portugal","19":"tag-pt"},"share_on_mastodon":{"url":"https:\/\/pubeurope.com\/@pt\/115714971594526934","error":""},"_links":{"self":[{"href":"https:\/\/www.europesays.com\/pt\/wp-json\/wp\/v2\/posts\/187198","targetHints":{"allow":["GET"]}}],"collection":[{"href":"https:\/\/www.europesays.com\/pt\/wp-json\/wp\/v2\/posts"}],"about":[{"href":"https:\/\/www.europesays.com\/pt\/wp-json\/wp\/v2\/types\/post"}],"author":[{"embeddable":true,"href":"https:\/\/www.europesays.com\/pt\/wp-json\/wp\/v2\/users\/2"}],"replies":[{"embeddable":true,"href":"https:\/\/www.europesays.com\/pt\/wp-json\/wp\/v2\/comments?post=187198"}],"version-history":[{"count":0,"href":"https:\/\/www.europesays.com\/pt\/wp-json\/wp\/v2\/posts\/187198\/revisions"}],"wp:featuredmedia":[{"embeddable":true,"href":"https:\/\/www.europesays.com\/pt\/wp-json\/wp\/v2\/media\/187199"}],"wp:attachment":[{"href":"https:\/\/www.europesays.com\/pt\/wp-json\/wp\/v2\/media?parent=187198"}],"wp:term":[{"taxonomy":"category","embeddable":true,"href":"https:\/\/www.europesays.com\/pt\/wp-json\/wp\/v2\/categories?post=187198"},{"taxonomy":"post_tag","embeddable":true,"href":"https:\/\/www.europesays.com\/pt\/wp-json\/wp\/v2\/tags?post=187198"}],"curies":[{"name":"wp","href":"https:\/\/api.w.org\/{rel}","templated":true}]}}